{"id":10214,"date":"2026-04-30T12:23:31","date_gmt":"2026-04-30T12:23:31","guid":{"rendered":"https:\/\/observatoriomovilidad.es\/?p=10214"},"modified":"2026-04-30T12:23:32","modified_gmt":"2026-04-30T12:23:32","slug":"jornada-movilidad-al-trabajo-ccoo-movilidad-sostenible-al-trabajo-claves-normativas-negociacion-colectiva-y-experiencias-practicas","status":"publish","type":"post","link":"https:\/\/observatoriomovilidad.es\/en\/jornada-movilidad-al-trabajo-ccoo-movilidad-sostenible-al-trabajo-claves-normativas-negociacion-colectiva-y-experiencias-practicas\/","title":{"rendered":"Jornada Movilidad al trabajo (CCOO): Movilidad sostenible al trabajo. Claves normativas, negociaci\u00f3n colectiva y experiencias pr\u00e1cticas"},"content":{"rendered":"<p><strong>El Gobierno de Asturias pondr\u00e1 en marcha el pr\u00f3ximo viernes una l\u00ednea de bus para conectar el centro de Avil\u00e9s con el Hospital S<strong>La Fundaci\u00f3n 1\u00ba de Mayo a trav\u00e9s de ISTAS, junto con la secretar\u00eda confederal de Salud Laboral y Medio Ambiente de CCOO, organiz\u00f3 el pasado 4 de marzo una\u00a0<\/strong><a href=\"https:\/\/www.youtube.com\/watch?si=Uwgf7lkb4f59TYtC&amp;v=g5MZTW8Qtks&amp;feature=youtu.be\" target=\"_blank\" rel=\"noreferrer noopener\">jornada formativa dedicada a la movilidad sostenible al trabajo<\/a><strong>. Se habl\u00f3 del marco normativo, los elementos estrat\u00e9gicos para la negociaci\u00f3n de planes de movilidad y la presentaci\u00f3n de experiencias sindicales en empresas y administraciones p\u00fablicas<\/strong>.<\/strong><\/p>\n\n\n\n<p>La sesi\u00f3n analiz\u00f3 el contenido de la Ley de Movilidad Sostenible, con especial atenci\u00f3n al art\u00edculo 25. \u00abPlanes de movilidad sostenible para grandes centros de actividad\u00bb y al Art\u00edculo 26, \u00abPlanes de movilidad sostenible al trabajo\u00bb, as\u00ed como las implicaciones para la acci\u00f3n sindical y la negociaci\u00f3n colectiva. Durante la ma\u00f1ana se abordaron los elementos clave para la negociaci\u00f3n, elaboraci\u00f3n, implantaci\u00f3n y seguimiento de los planes de movilidad en empresas y administraciones p\u00fablicas, incorporando adem\u00e1s la perspectiva de g\u00e9nero.<\/p>\n\n\n\n<p>El programa incluy\u00f3 la presentaci\u00f3n de diversas experiencias sindicales de impulso y elaboraci\u00f3n de planes de movilidad y de iniciativas de fomento de la movilidad sostenible al trabajo desarrolladas en las sedes de CCOO de Castilla y Le\u00f3n, Puerto de Valencia, Nissan, Masorange, Apple Retail y el Ministerio de Transporte y Movilidad.<\/p>\n\n\n\n<div class=\"wp-block-buttons is-content-justification-center is-layout-flex wp-container-core-buttons-is-layout-a89b3969 wp-block-buttons-is-layout-flex\">\n<div class=\"wp-block-button\"><a class=\"wp-block-button__link has-text-align-center wp-element-button\" href=\"https:\/\/1mayo.ccoo.es\/noticia:751401--Movilidad_sostenible_al_trabajo_Claves_normativas_negociacion_colectiva_y_experiencias_practicas&amp;opc_id=7e8df8e203ea0f082a36158bca824e03\">Leer la noticia completa<\/a><\/div>\n<\/div>\n\n\n\n<p><\/p>","protected":false},"excerpt":{"rendered":"<p>El Gobierno de Asturias pondr\u00e1 en marcha el pr\u00f3ximo viernes una l\u00ednea de bus para conectar el centro de Avil\u00e9s con el Hospital SLa Fundaci\u00f3n 1\u00ba de Mayo a trav\u00e9s de ISTAS, junto con la secretar\u00eda confederal de Salud Laboral y Medio Ambiente de CCOO, organiz\u00f3 el pasado 4 de marzo una\u00a0jornada formativa dedicada a [&hellip;]<\/p>\n","protected":false},"author":1,"featured_media":10215,"comment_status":"closed","ping_status":"closed","sticky":false,"template":"","format":"standard","meta":{"site-sidebar-layout":"no-sidebar","site-content-layout":"content-boxed-container","ast-site-content-layout":"normal-width-container","site-content-style":"boxed","site-sidebar-style":"unboxed","ast-global-header-display":"","ast-banner-title-visibility":"","ast-main-header-display":"","ast-hfb-above-header-display":"","ast-hfb-below-header-display":"","ast-hfb-mobile-header-display":"","site-post-title":"","ast-breadcrumbs-content":"","ast-featured-img":"","footer-sml-layout":"","ast-disable-related-posts":"","theme-transparent-header-meta":"disabled","adv-header-id-meta":"","stick-header-meta":"","header-above-stick-meta":"","header-main-stick-meta":"","header-below-stick-meta":"","astra-migrate-meta-layouts":"set","ast-page-background-enabled":"default","ast-page-background-meta":{"desktop":{"background-color":"","background-image":"","background-repeat":"repeat","background-position":"center center","background-size":"auto","background-attachment":"scroll","background-type":"","background-media":"","overlay-type":"","overlay-color":"","overlay-opacity":"","overlay-gradient":""},"tablet":{"background-color":"","background-image":"","background-repeat":"repeat","background-position":"center center","background-size":"auto","background-attachment":"scroll","background-type":"","background-media":"","overlay-type":"","overlay-color":"","overlay-opacity":"","overlay-gradient":""},"mobile":{"background-color":"","background-image":"","background-repeat":"repeat","background-position":"center center","background-size":"auto","background-attachment":"scroll","background-type":"","background-media":"","overlay-type":"","overlay-color":"","overlay-opacity":"","overlay-gradient":""}},"ast-content-background-meta":{"desktop":{"background-color":"var(--ast-global-color-5)","background-image":"","background-repeat":"repeat","background-position":"center center","background-size":"auto","background-attachment":"scroll","background-type":"","background-media":"","overlay-type":"","overlay-color":"","overlay-opacity":"","overlay-gradient":""},"tablet":{"background-color":"var(--ast-global-color-5)","background-image":"","background-repeat":"repeat","background-position":"center center","background-size":"auto","background-attachment":"scroll","background-type":"","background-media":"","overlay-type":"","overlay-color":"","overlay-opacity":"","overlay-gradient":""},"mobile":{"background-color":"var(--ast-global-color-5)","background-image":"","background-repeat":"repeat","background-position":"center center","background-size":"auto","background-attachment":"scroll","background-type":"","background-media":"","overlay-type":"","overlay-color":"","overlay-opacity":"","overlay-gradient":""}},"footnotes":"","_links_to":"","_links_to_target":""},"categories":[51],"tags":[],"class_list":["post-10214","post","type-post","status-publish","format-standard","has-post-thumbnail","hentry","category-noticias-noticias"],"_links":{"self":[{"href":"https:\/\/observatoriomovilidad.es\/en\/wp-json\/wp\/v2\/posts\/10214","targetHints":{"allow":["GET"]}}],"collection":[{"href":"https:\/\/observatoriomovilidad.es\/en\/wp-json\/wp\/v2\/posts"}],"about":[{"href":"https:\/\/observatoriomovilidad.es\/en\/wp-json\/wp\/v2\/types\/post"}],"author":[{"embeddable":true,"href":"https:\/\/observatoriomovilidad.es\/en\/wp-json\/wp\/v2\/users\/1"}],"replies":[{"embeddable":true,"href":"https:\/\/observatoriomovilidad.es\/en\/wp-json\/wp\/v2\/comments?post=10214"}],"version-history":[{"count":1,"href":"https:\/\/observatoriomovilidad.es\/en\/wp-json\/wp\/v2\/posts\/10214\/revisions"}],"predecessor-version":[{"id":10216,"href":"https:\/\/observatoriomovilidad.es\/en\/wp-json\/wp\/v2\/posts\/10214\/revisions\/10216"}],"wp:featuredmedia":[{"embeddable":true,"href":"https:\/\/observatoriomovilidad.es\/en\/wp-json\/wp\/v2\/media\/10215"}],"wp:attachment":[{"href":"https:\/\/observatoriomovilidad.es\/en\/wp-json\/wp\/v2\/media?parent=10214"}],"wp:term":[{"taxonomy":"category","embeddable":true,"href":"https:\/\/observatoriomovilidad.es\/en\/wp-json\/wp\/v2\/categories?post=10214"},{"taxonomy":"post_tag","embeddable":true,"href":"https:\/\/observatoriomovilidad.es\/en\/wp-json\/wp\/v2\/tags?post=10214"}],"curies":[{"name":"wp","href":"https:\/\/api.w.org\/{rel}","templated":true}]}}