{"id":10217,"date":"2026-04-30T12:30:27","date_gmt":"2026-04-30T12:30:27","guid":{"rendered":"https:\/\/observatoriomovilidad.es\/?p=10217"},"modified":"2026-04-30T12:30:29","modified_gmt":"2026-04-30T12:30:29","slug":"el-ayuntamiento-de-madrid-extiende-bicimad-incorporando-20-nuevas-estaciones-en-seis-distritos","status":"publish","type":"post","link":"https:\/\/observatoriomovilidad.es\/en\/el-ayuntamiento-de-madrid-extiende-bicimad-incorporando-20-nuevas-estaciones-en-seis-distritos\/","title":{"rendered":"El Ayuntamiento de Madrid extiende Bicimad incorporando 20 nuevas estaciones en seis distritos"},"content":{"rendered":"<p><strong>Con esta incorporaci\u00f3n llega a un total de 653 estaciones y 8.015 bicicletas. El alcalde Jos\u00e9 Luis Mart\u00ednez-Almeida ha presentado la ampliaci\u00f3n del sistema p\u00fablico de bicicleta el\u00e9ctrica, al que se van a sumar nuevas estaciones y bicicletas. En concreto, ser\u00e1n 20 estaciones repartidas por los distritos de Barajas, Hortaleza, Moncloa &#8211; Aravaca, Vic\u00e1lvaro y Villarverde, y 245 nuevas bicicletas.<\/strong><\/p>\n\n\n\n<p>Esta presentaci\u00f3n se ha llevado a cabo en una de las nuevas instalaciones ubicada en el distrito de Vic\u00e1lvaro, en la calle Arroyo del Ca\u00f1averal, con la presencia del delegado de Urbanismo, Medio Ambiente y Movilidad, <a href=\"https:\/\/www.linkedin.com\/in\/borja-carabante-9a5a38a2\/\">Borja Carabante<\/a>, el concejal del distrito, \u00c1ngel Ramos, y el director gerente de EMT, <a href=\"https:\/\/www.linkedin.com\/in\/alfonso-s%C3%A1nchez-vicente-233804a\/\">Alfonso S\u00e1nchez<\/a>.<\/p>\n\n\n\n<p>Con esta ampliaci\u00f3n que EMT finalizar\u00e1 en el mes de mayo, se refuerza el compromiso de la empresa municipal por una movilidad m\u00e1s limpia y eficiente en la ciudad en un contexto de crecimiento sostenido del servicio. As\u00ed, durante 2025 se registraron m\u00e1s de 13,7 millones de viajes en bicimad, mientras que en lo que va de 2026 ya se han superado los 2,5 millones de trayectos, consolidando al sistema como una pieza clave dentro de la estrategia medioambiental <a href=\"https:\/\/www.linkedin.com\/search\/results\/all\/?keywords=%23madrid360&amp;origin=HASH_TAG_FROM_FEED\">Madrid360<\/a> y como una opci\u00f3n cada vez m\u00e1s utilizada por los ciudadanos.<\/p>\n\n\n\n<div class=\"wp-block-buttons is-content-justification-center is-layout-flex wp-container-core-buttons-is-layout-a89b3969 wp-block-buttons-is-layout-flex\">\n<div class=\"wp-block-button\"><a class=\"wp-block-button__link has-text-align-center wp-element-button\" href=\"https:\/\/www.linkedin.com\/posts\/bicimad-madrid360-planderecuperaciaejn-ugcPost-7441844618809368576-Iwzp\/?utm_source=share&amp;utm_medium=member_desktop&amp;rcm=ACoAACZN3AMBCuuJEYZvB6rfA5eelMgXaK62uzg\">Leer la noticia completa<\/a><\/div>\n<\/div>\n\n\n\n<p><\/p>","protected":false},"excerpt":{"rendered":"<p>Con esta incorporaci\u00f3n llega a un total de 653 estaciones y 8.015 bicicletas. El alcalde Jos\u00e9 Luis Mart\u00ednez-Almeida ha presentado la ampliaci\u00f3n del sistema p\u00fablico de bicicleta el\u00e9ctrica, al que se van a sumar nuevas estaciones y bicicletas. En concreto, ser\u00e1n 20 estaciones repartidas por los distritos de Barajas, Hortaleza, Moncloa &#8211; Aravaca, Vic\u00e1lvaro y [&hellip;]<\/p>\n","protected":false},"author":1,"featured_media":10218,"comment_status":"closed","ping_status":"closed","sticky":false,"template":"","format":"standard","meta":{"site-sidebar-layout":"no-sidebar","site-content-layout":"content-boxed-container","ast-site-content-layout":"normal-width-container","site-content-style":"boxed","site-sidebar-style":"unboxed","ast-global-header-display":"","ast-banner-title-visibility":"","ast-main-header-display":"","ast-hfb-above-header-display":"","ast-hfb-below-header-display":"","ast-hfb-mobile-header-display":"","site-post-title":"","ast-breadcrumbs-content":"","ast-featured-img":"","footer-sml-layout":"","ast-disable-related-posts":"","theme-transparent-header-meta":"disabled","adv-header-id-meta":"","stick-header-meta":"","header-above-stick-meta":"","header-main-stick-meta":"","header-below-stick-meta":"","astra-migrate-meta-layouts":"set","ast-page-background-enabled":"default","ast-page-background-meta":{"desktop":{"background-color":"","background-image":"","background-repeat":"repeat","background-position":"center center","background-size":"auto","background-attachment":"scroll","background-type":"","background-media":"","overlay-type":"","overlay-color":"","overlay-opacity":"","overlay-gradient":""},"tablet":{"background-color":"","background-image":"","background-repeat":"repeat","background-position":"center center","background-size":"auto","background-attachment":"scroll","background-type":"","background-media":"","overlay-type":"","overlay-color":"","overlay-opacity":"","overlay-gradient":""},"mobile":{"background-color":"","background-image":"","background-repeat":"repeat","background-position":"center center","background-size":"auto","background-attachment":"scroll","background-type":"","background-media":"","overlay-type":"","overlay-color":"","overlay-opacity":"","overlay-gradient":""}},"ast-content-background-meta":{"desktop":{"background-color":"var(--ast-global-color-5)","background-image":"","background-repeat":"repeat","background-position":"center center","background-size":"auto","background-attachment":"scroll","background-type":"","background-media":"","overlay-type":"","overlay-color":"","overlay-opacity":"","overlay-gradient":""},"tablet":{"background-color":"var(--ast-global-color-5)","background-image":"","background-repeat":"repeat","background-position":"center center","background-size":"auto","background-attachment":"scroll","background-type":"","background-media":"","overlay-type":"","overlay-color":"","overlay-opacity":"","overlay-gradient":""},"mobile":{"background-color":"var(--ast-global-color-5)","background-image":"","background-repeat":"repeat","background-position":"center center","background-size":"auto","background-attachment":"scroll","background-type":"","background-media":"","overlay-type":"","overlay-color":"","overlay-opacity":"","overlay-gradient":""}},"footnotes":"","_links_to":"","_links_to_target":""},"categories":[51],"tags":[],"class_list":["post-10217","post","type-post","status-publish","format-standard","has-post-thumbnail","hentry","category-noticias-noticias"],"_links":{"self":[{"href":"https:\/\/observatoriomovilidad.es\/en\/wp-json\/wp\/v2\/posts\/10217","targetHints":{"allow":["GET"]}}],"collection":[{"href":"https:\/\/observatoriomovilidad.es\/en\/wp-json\/wp\/v2\/posts"}],"about":[{"href":"https:\/\/observatoriomovilidad.es\/en\/wp-json\/wp\/v2\/types\/post"}],"author":[{"embeddable":true,"href":"https:\/\/observatoriomovilidad.es\/en\/wp-json\/wp\/v2\/users\/1"}],"replies":[{"embeddable":true,"href":"https:\/\/observatoriomovilidad.es\/en\/wp-json\/wp\/v2\/comments?post=10217"}],"version-history":[{"count":1,"href":"https:\/\/observatoriomovilidad.es\/en\/wp-json\/wp\/v2\/posts\/10217\/revisions"}],"predecessor-version":[{"id":10219,"href":"https:\/\/observatoriomovilidad.es\/en\/wp-json\/wp\/v2\/posts\/10217\/revisions\/10219"}],"wp:featuredmedia":[{"embeddable":true,"href":"https:\/\/observatoriomovilidad.es\/en\/wp-json\/wp\/v2\/media\/10218"}],"wp:attachment":[{"href":"https:\/\/observatoriomovilidad.es\/en\/wp-json\/wp\/v2\/media?parent=10217"}],"wp:term":[{"taxonomy":"category","embeddable":true,"href":"https:\/\/observatoriomovilidad.es\/en\/wp-json\/wp\/v2\/categories?post=10217"},{"taxonomy":"post_tag","embeddable":true,"href":"https:\/\/observatoriomovilidad.es\/en\/wp-json\/wp\/v2\/tags?post=10217"}],"curies":[{"name":"wp","href":"https:\/\/api.w.org\/{rel}","templated":true}]}}