{"id":10227,"date":"2026-04-30T12:43:49","date_gmt":"2026-04-30T12:43:49","guid":{"rendered":"https:\/\/observatoriomovilidad.es\/?p=10227"},"modified":"2026-04-30T12:43:50","modified_gmt":"2026-04-30T12:43:50","slug":"transportes-destino-en-2025-mas-de-1-550-millones-de-euros-para-financiar-el-transporte-publico-y-reforzar-la-movilidad-sostenible","status":"publish","type":"post","link":"https:\/\/observatoriomovilidad.es\/en\/transportes-destino-en-2025-mas-de-1-550-millones-de-euros-para-financiar-el-transporte-publico-y-reforzar-la-movilidad-sostenible\/","title":{"rendered":"Transportes destin\u00f3 en 2025 m\u00e1s de 1.550 millones de euros para financiar el transporte p\u00fablico y reforzar la movilidad sostenible"},"content":{"rendered":"<p><strong><strong>Las ayudas han estado dirigidas tanto a comunidades aut\u00f3nomas como a entidades y entes locales supramunicipales.<\/strong><\/strong><\/p>\n\n\n\n<p>El Ministerio de Transportes y Movilidad Sostenible abon\u00f3 durante el a\u00f1o 2025 m\u00e1s de 1.550 millones de euros en ayudas directas destinadas a financiar el transporte p\u00fablico y a promover una movilidad m\u00e1s accesible y sostenible en todo el territorio, avanzando as\u00ed hacia un modelo m\u00e1s eficiente. Las ayudas han estado dirigidas tanto a comunidades aut\u00f3nomas, como a entidades locales y entes locales supramunicipales.<\/p>\n\n\n\n<p>El abono de las cuant\u00edas que resulten de la regularizaci\u00f3n, liquidaci\u00f3n y justificaci\u00f3n final correspondiente al ejercicio 2025 est\u00e1 previsto que se efect\u00fae a lo largo de 2026.<\/p>\n\n\n\n<p>El Ministerio ha financiado la implantaci\u00f3n de la gratuidad infantil en el transporte p\u00fablico para los menores de hasta 14 a\u00f1os, as\u00ed como descuentos del 50% de la tarifa en t\u00edtulos joven y la reducci\u00f3n de tarifas, cofinanciada con los beneficiarios, en al menos un 20% en el abonos y t\u00edtulos multiviaje.<\/p>\n\n\n\n<p>De este modo, el Ministerio financi\u00f3 el transporte p\u00fablico de competencia auton\u00f3mica y local mediante transferencias a comunidades aut\u00f3nomas, entidades locales y consorcios de transporte, para ayudas destinadas al transporte p\u00fablico urbano, interurbano y metropolitano.<\/p>\n\n\n\n<div class=\"wp-block-buttons is-content-justification-center is-layout-flex wp-container-core-buttons-is-layout-a89b3969 wp-block-buttons-is-layout-flex\">\n<div class=\"wp-block-button\"><a class=\"wp-block-button__link has-text-align-center wp-element-button\" href=\"https:\/\/www.transportes.gob.es\/ministerio\/comunicacion\/sala-prensa\/lun-09032026-1224\">Leer la noticia completa<\/a><\/div>\n<\/div>\n\n\n\n<p><\/p>","protected":false},"excerpt":{"rendered":"<p>Las ayudas han estado dirigidas tanto a comunidades aut\u00f3nomas como a entidades y entes locales supramunicipales. El Ministerio de Transportes y Movilidad Sostenible abon\u00f3 durante el a\u00f1o 2025 m\u00e1s de 1.550 millones de euros en ayudas directas destinadas a financiar el transporte p\u00fablico y a promover una movilidad m\u00e1s accesible y sostenible en todo el [&hellip;]<\/p>\n","protected":false},"author":1,"featured_media":10228,"comment_status":"closed","ping_status":"closed","sticky":false,"template":"","format":"standard","meta":{"site-sidebar-layout":"no-sidebar","site-content-layout":"content-boxed-container","ast-site-content-layout":"normal-width-container","site-content-style":"boxed","site-sidebar-style":"unboxed","ast-global-header-display":"","ast-banner-title-visibility":"","ast-main-header-display":"","ast-hfb-above-header-display":"","ast-hfb-below-header-display":"","ast-hfb-mobile-header-display":"","site-post-title":"","ast-breadcrumbs-content":"","ast-featured-img":"","footer-sml-layout":"","ast-disable-related-posts":"","theme-transparent-header-meta":"disabled","adv-header-id-meta":"","stick-header-meta":"","header-above-stick-meta":"","header-main-stick-meta":"","header-below-stick-meta":"","astra-migrate-meta-layouts":"set","ast-page-background-enabled":"default","ast-page-background-meta":{"desktop":{"background-color":"","background-image":"","background-repeat":"repeat","background-position":"center center","background-size":"auto","background-attachment":"scroll","background-type":"","background-media":"","overlay-type":"","overlay-color":"","overlay-opacity":"","overlay-gradient":""},"tablet":{"background-color":"","background-image":"","background-repeat":"repeat","background-position":"center center","background-size":"auto","background-attachment":"scroll","background-type":"","background-media":"","overlay-type":"","overlay-color":"","overlay-opacity":"","overlay-gradient":""},"mobile":{"background-color":"","background-image":"","background-repeat":"repeat","background-position":"center center","background-size":"auto","background-attachment":"scroll","background-type":"","background-media":"","overlay-type":"","overlay-color":"","overlay-opacity":"","overlay-gradient":""}},"ast-content-background-meta":{"desktop":{"background-color":"var(--ast-global-color-5)","background-image":"","background-repeat":"repeat","background-position":"center center","background-size":"auto","background-attachment":"scroll","background-type":"","background-media":"","overlay-type":"","overlay-color":"","overlay-opacity":"","overlay-gradient":""},"tablet":{"background-color":"var(--ast-global-color-5)","background-image":"","background-repeat":"repeat","background-position":"center center","background-size":"auto","background-attachment":"scroll","background-type":"","background-media":"","overlay-type":"","overlay-color":"","overlay-opacity":"","overlay-gradient":""},"mobile":{"background-color":"var(--ast-global-color-5)","background-image":"","background-repeat":"repeat","background-position":"center center","background-size":"auto","background-attachment":"scroll","background-type":"","background-media":"","overlay-type":"","overlay-color":"","overlay-opacity":"","overlay-gradient":""}},"footnotes":"","_links_to":"","_links_to_target":""},"categories":[51],"tags":[],"class_list":["post-10227","post","type-post","status-publish","format-standard","has-post-thumbnail","hentry","category-noticias-noticias"],"_links":{"self":[{"href":"https:\/\/observatoriomovilidad.es\/en\/wp-json\/wp\/v2\/posts\/10227","targetHints":{"allow":["GET"]}}],"collection":[{"href":"https:\/\/observatoriomovilidad.es\/en\/wp-json\/wp\/v2\/posts"}],"about":[{"href":"https:\/\/observatoriomovilidad.es\/en\/wp-json\/wp\/v2\/types\/post"}],"author":[{"embeddable":true,"href":"https:\/\/observatoriomovilidad.es\/en\/wp-json\/wp\/v2\/users\/1"}],"replies":[{"embeddable":true,"href":"https:\/\/observatoriomovilidad.es\/en\/wp-json\/wp\/v2\/comments?post=10227"}],"version-history":[{"count":1,"href":"https:\/\/observatoriomovilidad.es\/en\/wp-json\/wp\/v2\/posts\/10227\/revisions"}],"predecessor-version":[{"id":10229,"href":"https:\/\/observatoriomovilidad.es\/en\/wp-json\/wp\/v2\/posts\/10227\/revisions\/10229"}],"wp:featuredmedia":[{"embeddable":true,"href":"https:\/\/observatoriomovilidad.es\/en\/wp-json\/wp\/v2\/media\/10228"}],"wp:attachment":[{"href":"https:\/\/observatoriomovilidad.es\/en\/wp-json\/wp\/v2\/media?parent=10227"}],"wp:term":[{"taxonomy":"category","embeddable":true,"href":"https:\/\/observatoriomovilidad.es\/en\/wp-json\/wp\/v2\/categories?post=10227"},{"taxonomy":"post_tag","embeddable":true,"href":"https:\/\/observatoriomovilidad.es\/en\/wp-json\/wp\/v2\/tags?post=10227"}],"curies":[{"name":"wp","href":"https:\/\/api.w.org\/{rel}","templated":true}]}}