{"id":10236,"date":"2026-04-30T13:00:20","date_gmt":"2026-04-30T13:00:20","guid":{"rendered":"https:\/\/observatoriomovilidad.es\/?p=10236"},"modified":"2026-04-30T13:00:22","modified_gmt":"2026-04-30T13:00:22","slug":"las-empresas-deberan-adelantar-un-ano-sus-planes-de-movilidad","status":"publish","type":"post","link":"https:\/\/observatoriomovilidad.es\/en\/las-empresas-deberan-adelantar-un-ano-sus-planes-de-movilidad\/","title":{"rendered":"Las empresas deber\u00e1n adelantar un a\u00f1o sus planes de movilidad"},"content":{"rendered":"<p><strong><strong>Las compa\u00f1\u00edas que no dispongan de ese plan tendr\u00e1n que devolver las ayudas. El decreto favorece el teletrabajo y el veh\u00edculo el\u00e9ctrico<\/strong>.<\/strong><\/p>\n\n\n\n<p>El Bolet\u00edn Oficial del Estado (BOE) ha publicado este s\u00e1bado, 21 de marzo, el Real Decreto-ley 7\/2026, de 20 de marzo, por el cual se aprueba el Plan Integral de Respuesta a la Crisis en Oriente Medio. Esta norma, que consta de 143 p\u00e1ginas, dedica una parte sustancial de su articulado a la transformaci\u00f3n de los modelos de transporte corporativo y p\u00fablico como respuesta directa al encarecimiento de los precios energ\u00e9ticos derivado del conflicto b\u00e9lico en Ir\u00e1n.<\/p>\n\n\n\n<p>El Ejecutivo justifica la urgencia de estas medidas en la necesidad de reducir la dependencia energ\u00e9tica y aliviar la carga econ\u00f3mica que los desplazamientos al centro de trabajo suponen tanto para las empresas como para las personas trabajadoras. En este contexto, la movilidad sostenible deja de ser un objetivo a largo plazo para convertirse en una obligaci\u00f3n de cumplimiento inmediato para una parte significativa del tejido productivo y del sector p\u00fablico espa\u00f1ol.<\/p>\n\n\n\n<p>La novedad regulatoria m\u00e1s destacada se encuentra en el art\u00edculo 63 del real decreto-ley, que procede a modificar la Ley 9\/2025, de 3 de diciembre, de Movilidad Sostenible. El cambio fundamental radica en la \u201creducci\u00f3n de veinticuatro a doce meses el plazo\u201d para que las organizaciones obligadas dispongan de planes de movilidad sostenible al trabajo.<\/p>\n\n\n\n<div class=\"wp-block-buttons is-content-justification-center is-layout-flex wp-container-core-buttons-is-layout-a89b3969 wp-block-buttons-is-layout-flex\">\n<div class=\"wp-block-button\"><a class=\"wp-block-button__link has-text-align-center wp-element-button\" href=\"https:\/\/elpais.com\/economia\/2026-03-21\/las-empresas-deberan-adelantar-un-ano-sus-planes-de-movilidad.html\">Leer la noticia completa<\/a><\/div>\n<\/div>\n\n\n\n<p><\/p>","protected":false},"excerpt":{"rendered":"<p>Las compa\u00f1\u00edas que no dispongan de ese plan tendr\u00e1n que devolver las ayudas. El decreto favorece el teletrabajo y el veh\u00edculo el\u00e9ctrico. El Bolet\u00edn Oficial del Estado (BOE) ha publicado este s\u00e1bado, 21 de marzo, el Real Decreto-ley 7\/2026, de 20 de marzo, por el cual se aprueba el Plan Integral de Respuesta a la [&hellip;]<\/p>\n","protected":false},"author":1,"featured_media":10237,"comment_status":"closed","ping_status":"closed","sticky":false,"template":"","format":"standard","meta":{"site-sidebar-layout":"no-sidebar","site-content-layout":"content-boxed-container","ast-site-content-layout":"normal-width-container","site-content-style":"boxed","site-sidebar-style":"unboxed","ast-global-header-display":"","ast-banner-title-visibility":"","ast-main-header-display":"","ast-hfb-above-header-display":"","ast-hfb-below-header-display":"","ast-hfb-mobile-header-display":"","site-post-title":"","ast-breadcrumbs-content":"","ast-featured-img":"","footer-sml-layout":"","ast-disable-related-posts":"","theme-transparent-header-meta":"disabled","adv-header-id-meta":"","stick-header-meta":"","header-above-stick-meta":"","header-main-stick-meta":"","header-below-stick-meta":"","astra-migrate-meta-layouts":"set","ast-page-background-enabled":"default","ast-page-background-meta":{"desktop":{"background-color":"","background-image":"","background-repeat":"repeat","background-position":"center center","background-size":"auto","background-attachment":"scroll","background-type":"","background-media":"","overlay-type":"","overlay-color":"","overlay-opacity":"","overlay-gradient":""},"tablet":{"background-color":"","background-image":"","background-repeat":"repeat","background-position":"center center","background-size":"auto","background-attachment":"scroll","background-type":"","background-media":"","overlay-type":"","overlay-color":"","overlay-opacity":"","overlay-gradient":""},"mobile":{"background-color":"","background-image":"","background-repeat":"repeat","background-position":"center center","background-size":"auto","background-attachment":"scroll","background-type":"","background-media":"","overlay-type":"","overlay-color":"","overlay-opacity":"","overlay-gradient":""}},"ast-content-background-meta":{"desktop":{"background-color":"var(--ast-global-color-5)","background-image":"","background-repeat":"repeat","background-position":"center center","background-size":"auto","background-attachment":"scroll","background-type":"","background-media":"","overlay-type":"","overlay-color":"","overlay-opacity":"","overlay-gradient":""},"tablet":{"background-color":"var(--ast-global-color-5)","background-image":"","background-repeat":"repeat","background-position":"center center","background-size":"auto","background-attachment":"scroll","background-type":"","background-media":"","overlay-type":"","overlay-color":"","overlay-opacity":"","overlay-gradient":""},"mobile":{"background-color":"var(--ast-global-color-5)","background-image":"","background-repeat":"repeat","background-position":"center center","background-size":"auto","background-attachment":"scroll","background-type":"","background-media":"","overlay-type":"","overlay-color":"","overlay-opacity":"","overlay-gradient":""}},"footnotes":"","_links_to":"","_links_to_target":""},"categories":[51],"tags":[],"class_list":["post-10236","post","type-post","status-publish","format-standard","has-post-thumbnail","hentry","category-noticias-noticias"],"_links":{"self":[{"href":"https:\/\/observatoriomovilidad.es\/en\/wp-json\/wp\/v2\/posts\/10236","targetHints":{"allow":["GET"]}}],"collection":[{"href":"https:\/\/observatoriomovilidad.es\/en\/wp-json\/wp\/v2\/posts"}],"about":[{"href":"https:\/\/observatoriomovilidad.es\/en\/wp-json\/wp\/v2\/types\/post"}],"author":[{"embeddable":true,"href":"https:\/\/observatoriomovilidad.es\/en\/wp-json\/wp\/v2\/users\/1"}],"replies":[{"embeddable":true,"href":"https:\/\/observatoriomovilidad.es\/en\/wp-json\/wp\/v2\/comments?post=10236"}],"version-history":[{"count":1,"href":"https:\/\/observatoriomovilidad.es\/en\/wp-json\/wp\/v2\/posts\/10236\/revisions"}],"predecessor-version":[{"id":10238,"href":"https:\/\/observatoriomovilidad.es\/en\/wp-json\/wp\/v2\/posts\/10236\/revisions\/10238"}],"wp:featuredmedia":[{"embeddable":true,"href":"https:\/\/observatoriomovilidad.es\/en\/wp-json\/wp\/v2\/media\/10237"}],"wp:attachment":[{"href":"https:\/\/observatoriomovilidad.es\/en\/wp-json\/wp\/v2\/media?parent=10236"}],"wp:term":[{"taxonomy":"category","embeddable":true,"href":"https:\/\/observatoriomovilidad.es\/en\/wp-json\/wp\/v2\/categories?post=10236"},{"taxonomy":"post_tag","embeddable":true,"href":"https:\/\/observatoriomovilidad.es\/en\/wp-json\/wp\/v2\/tags?post=10236"}],"curies":[{"name":"wp","href":"https:\/\/api.w.org\/{rel}","templated":true}]}}