{"id":10567,"date":"2026-09-01T17:19:34","date_gmt":"2026-09-01T17:19:34","guid":{"rendered":"https:\/\/observatoriomovilidad.es\/?p=10567"},"modified":"2026-09-01T17:19:36","modified_gmt":"2026-09-01T17:19:36","slug":"la-movilidad-sostenible-reune-en-granada-a-los-principales-referentes-del-sector","status":"publish","type":"post","link":"https:\/\/observatoriomovilidad.es\/en\/la-movilidad-sostenible-reune-en-granada-a-los-principales-referentes-del-sector\/","title":{"rendered":"La movilidad sostenible re\u00fane en Granada a los principales referentes del sector"},"content":{"rendered":"<p class=\"wp-block-paragraph\"><strong>Ineco ha participado en el encuentro anual de CIVINET Iberia, celebrado en Granada, consolidando su papel como uno de los principales referentes en movilidad sostenible y planificaci\u00f3n del transporte en Espa\u00f1a.\u00a0<\/strong><\/p>\n\n\n\n<p class=\"wp-block-paragraph\">La compa\u00f1\u00eda, que trabaja en el dise\u00f1o e implantaci\u00f3n de pol\u00edticas, estrategias y proyectos de movilidad, aport\u00f3 su experiencia en uno de los foros de referencia para el intercambio de conocimiento entre ciudades, empresas y organismos especializados de Espa\u00f1a y Portugal.<\/p>\n\n\n\n<p class=\"wp-block-paragraph\">Durante la jornada, Borja Moreno, t\u00e9cnico de transporte, movilidad y digitalizaci\u00f3n del \u00e1rea de Subvenciones en Infraestructuras, ejerci\u00f3 como uno de los moderadores. Los debates abordaron cuestiones clave como la electrificaci\u00f3n del transporte p\u00fablico, los planes de movilidad sostenible al trabajo, la aplicaci\u00f3n pr\u00e1ctica de la futura Ley de Movilidad o el uso de herramientas de simulaci\u00f3n para mejorar la toma de decisiones.<\/p>\n\n\n\n<p class=\"wp-block-paragraph\">La participaci\u00f3n en este encuentro coincide con la incorporaci\u00f3n de Ineco como entidad embajadora de CIVINET Iberia, la red espa\u00f1ola y portuguesa integrada en la iniciativa europea CIVITAS, promovida por la Comisi\u00f3n Europea para impulsar la movilidad sostenible y acelerar la descarbonizaci\u00f3n del transporte. Esta designaci\u00f3n reconoce la trayectoria de la compa\u00f1\u00eda en el \u00e1mbito de la movilidad y refuerza su capacidad para contribuir al intercambio de conocimiento y buenas pr\u00e1cticas entre administraciones, operadores y entidades del sector. Como embajadora de la red, Ineco colaborar\u00e1 en la difusi\u00f3n de iniciativas innovadoras, la generaci\u00f3n de espacios de cooperaci\u00f3n y el impulso de proyectos alineados con los objetivos europeos de sostenibilidad.<\/p>\n\n\n\n<div class=\"wp-block-buttons is-content-justification-center is-layout-flex wp-container-core-buttons-is-layout-3e41869c wp-block-buttons-is-layout-flex\">\n<div class=\"wp-block-button\"><a class=\"wp-block-button__link has-text-align-center wp-element-button\" href=\"https:\/\/www.ineco.com\/ineco\/comunicacion\/noticias\/la-movilidad-sostenible-reune-en-granada-los-principales-referentes-del\">Leer la noticia completa<\/a><\/div>\n<\/div>\n\n\n\n<p class=\"wp-block-paragraph\"><\/p>","protected":false},"excerpt":{"rendered":"<p>Ineco ha participado en el encuentro anual de CIVINET Iberia, celebrado en Granada, consolidando su papel como uno de los principales referentes en movilidad sostenible y planificaci\u00f3n del transporte en Espa\u00f1a.\u00a0 La compa\u00f1\u00eda, que trabaja en el dise\u00f1o e implantaci\u00f3n de pol\u00edticas, estrategias y proyectos de movilidad, aport\u00f3 su experiencia en uno de los foros [&hellip;]<\/p>\n","protected":false},"author":1,"featured_media":10568,"comment_status":"closed","ping_status":"closed","sticky":false,"template":"","format":"standard","meta":{"site-sidebar-layout":"no-sidebar","site-content-layout":"content-boxed-container","ast-site-content-layout":"normal-width-container","site-content-style":"boxed","site-sidebar-style":"unboxed","ast-global-header-display":"","ast-banner-title-visibility":"","ast-main-header-display":"","ast-hfb-above-header-display":"","ast-hfb-below-header-display":"","ast-hfb-mobile-header-display":"","site-post-title":"","ast-breadcrumbs-content":"","ast-featured-img":"","footer-sml-layout":"","ast-disable-related-posts":"","theme-transparent-header-meta":"disabled","adv-header-id-meta":"","stick-header-meta":"","header-above-stick-meta":"","header-main-stick-meta":"","header-below-stick-meta":"","astra-migrate-meta-layouts":"set","ast-page-background-enabled":"default","ast-page-background-meta":{"desktop":{"background-color":"","background-image":"","background-repeat":"repeat","background-position":"center center","background-size":"auto","background-attachment":"scroll","background-type":"","background-media":"","overlay-type":"","overlay-color":"","overlay-opacity":"","overlay-gradient":""},"tablet":{"background-color":"","background-image":"","background-repeat":"repeat","background-position":"center center","background-size":"auto","background-attachment":"scroll","background-type":"","background-media":"","overlay-type":"","overlay-color":"","overlay-opacity":"","overlay-gradient":""},"mobile":{"background-color":"","background-image":"","background-repeat":"repeat","background-position":"center center","background-size":"auto","background-attachment":"scroll","background-type":"","background-media":"","overlay-type":"","overlay-color":"","overlay-opacity":"","overlay-gradient":""}},"ast-content-background-meta":{"desktop":{"background-color":"var(--ast-global-color-5)","background-image":"","background-repeat":"repeat","background-position":"center center","background-size":"auto","background-attachment":"scroll","background-type":"","background-media":"","overlay-type":"","overlay-color":"","overlay-opacity":"","overlay-gradient":""},"tablet":{"background-color":"var(--ast-global-color-5)","background-image":"","background-repeat":"repeat","background-position":"center center","background-size":"auto","background-attachment":"scroll","background-type":"","background-media":"","overlay-type":"","overlay-color":"","overlay-opacity":"","overlay-gradient":""},"mobile":{"background-color":"var(--ast-global-color-5)","background-image":"","background-repeat":"repeat","background-position":"center center","background-size":"auto","background-attachment":"scroll","background-type":"","background-media":"","overlay-type":"","overlay-color":"","overlay-opacity":"","overlay-gradient":""}},"footnotes":"","_links_to":"","_links_to_target":""},"categories":[51],"tags":[82,131,137,138,71,135,134,75],"class_list":["post-10567","post","type-post","status-publish","format-standard","has-post-thumbnail","hentry","category-noticias-noticias","tag-andalucia","tag-autobus-urbano","tag-civinet","tag-civitas","tag-espana","tag-granada","tag-transformacion","tag-transporte-publico"],"_links":{"self":[{"href":"https:\/\/observatoriomovilidad.es\/en\/wp-json\/wp\/v2\/posts\/10567","targetHints":{"allow":["GET"]}}],"collection":[{"href":"https:\/\/observatoriomovilidad.es\/en\/wp-json\/wp\/v2\/posts"}],"about":[{"href":"https:\/\/observatoriomovilidad.es\/en\/wp-json\/wp\/v2\/types\/post"}],"author":[{"embeddable":true,"href":"https:\/\/observatoriomovilidad.es\/en\/wp-json\/wp\/v2\/users\/1"}],"replies":[{"embeddable":true,"href":"https:\/\/observatoriomovilidad.es\/en\/wp-json\/wp\/v2\/comments?post=10567"}],"version-history":[{"count":1,"href":"https:\/\/observatoriomovilidad.es\/en\/wp-json\/wp\/v2\/posts\/10567\/revisions"}],"predecessor-version":[{"id":10569,"href":"https:\/\/observatoriomovilidad.es\/en\/wp-json\/wp\/v2\/posts\/10567\/revisions\/10569"}],"wp:featuredmedia":[{"embeddable":true,"href":"https:\/\/observatoriomovilidad.es\/en\/wp-json\/wp\/v2\/media\/10568"}],"wp:attachment":[{"href":"https:\/\/observatoriomovilidad.es\/en\/wp-json\/wp\/v2\/media?parent=10567"}],"wp:term":[{"taxonomy":"category","embeddable":true,"href":"https:\/\/observatoriomovilidad.es\/en\/wp-json\/wp\/v2\/categories?post=10567"},{"taxonomy":"post_tag","embeddable":true,"href":"https:\/\/observatoriomovilidad.es\/en\/wp-json\/wp\/v2\/tags?post=10567"}],"curies":[{"name":"wp","href":"https:\/\/api.w.org\/{rel}","templated":true}]}}