{"id":10576,"date":"2026-09-01T17:47:24","date_gmt":"2026-09-01T17:47:24","guid":{"rendered":"https:\/\/observatoriomovilidad.es\/?p=10576"},"modified":"2026-09-01T17:47:25","modified_gmt":"2026-09-01T17:47:25","slug":"el-govern-destina-siete-millones-de-euros-a-impulsar-puntos-de-recarga-para-el-transporte-publico-electrico","status":"publish","type":"post","link":"https:\/\/observatoriomovilidad.es\/en\/el-govern-destina-siete-millones-de-euros-a-impulsar-puntos-de-recarga-para-el-transporte-publico-electrico\/","title":{"rendered":"El Govern destina siete millones de euros a impulsar puntos de recarga para el transporte p\u00fablico el\u00e9ctrico"},"content":{"rendered":"<p class=\"wp-block-paragraph\"><strong>Autorizada la licitaci\u00f3n de las obras de una subestaci\u00f3n el\u00e9ctrica en los talleres de Son Rutlan por 4,7 millones PALMA, 10 (EUROPA PRESS).<\/strong><\/p>\n\n\n\n<p class=\"wp-block-paragraph\">El Consell de Govern ha autorizado una convocatoria p\u00fablica de subvenciones dotada con siete millones de euros para impulsar la implantaci\u00f3n de infraestructuras de recarga de veh\u00edculos el\u00e9ctricos destinados al transporte p\u00fablico de Baleares.<\/p>\n\n\n\n<p class=\"wp-block-paragraph\">Dicha autorizaci\u00f3n permitir\u00e1 aprobar la convocatoria, financiada con recursos del impuesto del turismo sostenible (ITS), para continuar avanzando en la electrificaci\u00f3n del transporte p\u00fablico, ha informado el portavoz del Govern, Antoni Costa, en la rueda de prensa habitual tras el Consell de Govern.<\/p>\n\n\n\n<p class=\"wp-block-paragraph\">Las ayudas permitir\u00e1n financiar la instalaci\u00f3n de puntos de recarga destinados al transporte p\u00fablico de todas las islas, tanto urbano como interurbano, con el objetivo de facilitar la implantaci\u00f3n de flotas el\u00e9ctricas y reducir las emisiones asociadas al transporte.<\/p>\n\n\n\n<p class=\"wp-block-paragraph\">La convocatoria se enmarca en las actuaciones de fomento de la movilidad sostenible previstas por la Comunidad Aut\u00f3noma y las subvenciones se otorgar\u00e1n por orden de entrada de las solicitudes que cumplan con los requisitos establecidos.<\/p>\n\n\n\n<div class=\"wp-block-buttons is-content-justification-center is-layout-flex wp-container-core-buttons-is-layout-3e41869c wp-block-buttons-is-layout-flex\">\n<div class=\"wp-block-button\"><a class=\"wp-block-button__link has-text-align-center wp-element-button\" href=\"https:\/\/forbes.es\/baleares\/actualidad-baleares\/977264\/el-govern-destina-siete-millones-de-euros-a-impulsar-puntos-de-recarga-para-el-transporte-publico-electrico\/\">Leer la noticia completa<\/a><\/div>\n<\/div>\n\n\n\n<p class=\"wp-block-paragraph\"><\/p>","protected":false},"excerpt":{"rendered":"<p>Autorizada la licitaci\u00f3n de las obras de una subestaci\u00f3n el\u00e9ctrica en los talleres de Son Rutlan por 4,7 millones PALMA, 10 (EUROPA PRESS). El Consell de Govern ha autorizado una convocatoria p\u00fablica de subvenciones dotada con siete millones de euros para impulsar la implantaci\u00f3n de infraestructuras de recarga de veh\u00edculos el\u00e9ctricos destinados al transporte p\u00fablico [&hellip;]<\/p>\n","protected":false},"author":1,"featured_media":10578,"comment_status":"closed","ping_status":"closed","sticky":false,"template":"","format":"standard","meta":{"site-sidebar-layout":"no-sidebar","site-content-layout":"content-boxed-container","ast-site-content-layout":"normal-width-container","site-content-style":"boxed","site-sidebar-style":"unboxed","ast-global-header-display":"","ast-banner-title-visibility":"","ast-main-header-display":"","ast-hfb-above-header-display":"","ast-hfb-below-header-display":"","ast-hfb-mobile-header-display":"","site-post-title":"","ast-breadcrumbs-content":"","ast-featured-img":"","footer-sml-layout":"","ast-disable-related-posts":"","theme-transparent-header-meta":"disabled","adv-header-id-meta":"","stick-header-meta":"","header-above-stick-meta":"","header-main-stick-meta":"","header-below-stick-meta":"","astra-migrate-meta-layouts":"set","ast-page-background-enabled":"default","ast-page-background-meta":{"desktop":{"background-color":"","background-image":"","background-repeat":"repeat","background-position":"center center","background-size":"auto","background-attachment":"scroll","background-type":"","background-media":"","overlay-type":"","overlay-color":"","overlay-opacity":"","overlay-gradient":""},"tablet":{"background-color":"","background-image":"","background-repeat":"repeat","background-position":"center center","background-size":"auto","background-attachment":"scroll","background-type":"","background-media":"","overlay-type":"","overlay-color":"","overlay-opacity":"","overlay-gradient":""},"mobile":{"background-color":"","background-image":"","background-repeat":"repeat","background-position":"center center","background-size":"auto","background-attachment":"scroll","background-type":"","background-media":"","overlay-type":"","overlay-color":"","overlay-opacity":"","overlay-gradient":""}},"ast-content-background-meta":{"desktop":{"background-color":"var(--ast-global-color-5)","background-image":"","background-repeat":"repeat","background-position":"center center","background-size":"auto","background-attachment":"scroll","background-type":"","background-media":"","overlay-type":"","overlay-color":"","overlay-opacity":"","overlay-gradient":""},"tablet":{"background-color":"var(--ast-global-color-5)","background-image":"","background-repeat":"repeat","background-position":"center center","background-size":"auto","background-attachment":"scroll","background-type":"","background-media":"","overlay-type":"","overlay-color":"","overlay-opacity":"","overlay-gradient":""},"mobile":{"background-color":"var(--ast-global-color-5)","background-image":"","background-repeat":"repeat","background-position":"center center","background-size":"auto","background-attachment":"scroll","background-type":"","background-media":"","overlay-type":"","overlay-color":"","overlay-opacity":"","overlay-gradient":""}},"footnotes":"","_links_to":"","_links_to_target":""},"categories":[51],"tags":[131,142,71,118,141,134,75],"class_list":["post-10576","post","type-post","status-publish","format-standard","has-post-thumbnail","hentry","category-noticias-noticias","tag-autobus-urbano","tag-baleares","tag-espana","tag-movilidad-sostenible","tag-trambahia","tag-transformacion","tag-transporte-publico"],"_links":{"self":[{"href":"https:\/\/observatoriomovilidad.es\/en\/wp-json\/wp\/v2\/posts\/10576","targetHints":{"allow":["GET"]}}],"collection":[{"href":"https:\/\/observatoriomovilidad.es\/en\/wp-json\/wp\/v2\/posts"}],"about":[{"href":"https:\/\/observatoriomovilidad.es\/en\/wp-json\/wp\/v2\/types\/post"}],"author":[{"embeddable":true,"href":"https:\/\/observatoriomovilidad.es\/en\/wp-json\/wp\/v2\/users\/1"}],"replies":[{"embeddable":true,"href":"https:\/\/observatoriomovilidad.es\/en\/wp-json\/wp\/v2\/comments?post=10576"}],"version-history":[{"count":1,"href":"https:\/\/observatoriomovilidad.es\/en\/wp-json\/wp\/v2\/posts\/10576\/revisions"}],"predecessor-version":[{"id":10579,"href":"https:\/\/observatoriomovilidad.es\/en\/wp-json\/wp\/v2\/posts\/10576\/revisions\/10579"}],"wp:featuredmedia":[{"embeddable":true,"href":"https:\/\/observatoriomovilidad.es\/en\/wp-json\/wp\/v2\/media\/10578"}],"wp:attachment":[{"href":"https:\/\/observatoriomovilidad.es\/en\/wp-json\/wp\/v2\/media?parent=10576"}],"wp:term":[{"taxonomy":"category","embeddable":true,"href":"https:\/\/observatoriomovilidad.es\/en\/wp-json\/wp\/v2\/categories?post=10576"},{"taxonomy":"post_tag","embeddable":true,"href":"https:\/\/observatoriomovilidad.es\/en\/wp-json\/wp\/v2\/tags?post=10576"}],"curies":[{"name":"wp","href":"https:\/\/api.w.org\/{rel}","templated":true}]}}