{"id":10580,"date":"2026-09-01T17:54:55","date_gmt":"2026-09-01T17:54:55","guid":{"rendered":"https:\/\/observatoriomovilidad.es\/?p=10580"},"modified":"2026-09-01T18:08:51","modified_gmt":"2026-09-01T18:08:51","slug":"el-transporte-urbano-en-castilla-y-leon-crece-un-21-y-supera-la-media-nacional-en-mayo-de-2026","status":"publish","type":"post","link":"https:\/\/observatoriomovilidad.es\/en\/el-transporte-urbano-en-castilla-y-leon-crece-un-21-y-supera-la-media-nacional-en-mayo-de-2026\/","title":{"rendered":"El transporte urbano en Castilla y Le\u00f3n crece un 2,1% y supera la media nacional en mayo de 2026"},"content":{"rendered":"<p class=\"wp-block-paragraph\"><strong>El uso del autob\u00fas urbano mantiene una evoluci\u00f3n positiva en la comunidad, mientras el conjunto del transporte p\u00fablico en Espa\u00f1a aumenta un 0,8% interanual.<\/strong><\/p>\n\n\n\n<p class=\"wp-block-paragraph\">El transporte p\u00fablico contin\u00faa mostrando una evoluci\u00f3n desigual en Espa\u00f1a. En\u00a0mayo de 2026, el n\u00famero de viajeros aument\u00f3 un\u00a00,8% respecto al mismo mes del a\u00f1o anterior, con\u00a0m\u00e1s de 524,9 millones de pasajeros\u00a0utilizando los distintos servicios de transporte p\u00fablico del pa\u00eds.<\/p>\n\n\n\n<p class=\"wp-block-paragraph\">En este contexto,\u00a0Castilla y Le\u00f3n registr\u00f3 un crecimiento del 2,1% en el transporte urbano por autob\u00fas, una cifra que se sit\u00faa claramente por encima de la media nacional, que fue del\u00a00,8%. La comunidad se posiciona as\u00ed entre las regiones con mejor comportamiento durante el mes, seg\u00fan los datos provisionales publicados por el Instituto Nacional de Estad\u00edstica (INE).<\/p>\n\n\n\n<p class=\"wp-block-paragraph\">El informe sit\u00faa a\u00a0Pa\u00eds Vasco (5,3%),\u00a0Canarias (5,2%)\u00a0y\u00a0Asturias (4,1%)\u00a0como las comunidades con los mayores incrementos. Tras ellas aparecen\u00a0Castilla-La Mancha (3,8%),\u00a0Murcia (3,4%)\u00a0y\u00a0Castilla y Le\u00f3n (2,1%), lo que confirma la tendencia positiva del uso del autob\u00fas urbano en la comunidad aut\u00f3noma.<\/p>\n\n\n\n<div class=\"wp-block-buttons is-content-justification-center is-layout-flex wp-container-core-buttons-is-layout-3e41869c wp-block-buttons-is-layout-flex\">\n<div class=\"wp-block-button\"><a class=\"wp-block-button__link has-text-align-center wp-element-button\" href=\"https:\/\/ahoraleon.com\/el-transporte-urbano-en-castilla-y-leon-crece-un-21-y-supera-la-media-nacional-en-mayo-de-2026\/\">Leer la noticia completa<\/a><\/div>\n<\/div>\n\n\n\n<p class=\"wp-block-paragraph\"><\/p>","protected":false},"excerpt":{"rendered":"<p>El uso del autob\u00fas urbano mantiene una evoluci\u00f3n positiva en la comunidad, mientras el conjunto del transporte p\u00fablico en Espa\u00f1a aumenta un 0,8% interanual. El transporte p\u00fablico contin\u00faa mostrando una evoluci\u00f3n desigual en Espa\u00f1a. En\u00a0mayo de 2026, el n\u00famero de viajeros aument\u00f3 un\u00a00,8% respecto al mismo mes del a\u00f1o anterior, con\u00a0m\u00e1s de 524,9 millones de [&hellip;]<\/p>\n","protected":false},"author":1,"featured_media":10581,"comment_status":"closed","ping_status":"closed","sticky":false,"template":"","format":"standard","meta":{"site-sidebar-layout":"no-sidebar","site-content-layout":"content-boxed-container","ast-site-content-layout":"normal-width-container","site-content-style":"boxed","site-sidebar-style":"unboxed","ast-global-header-display":"","ast-banner-title-visibility":"","ast-main-header-display":"","ast-hfb-above-header-display":"","ast-hfb-below-header-display":"","ast-hfb-mobile-header-display":"","site-post-title":"","ast-breadcrumbs-content":"","ast-featured-img":"","footer-sml-layout":"","ast-disable-related-posts":"","theme-transparent-header-meta":"disabled","adv-header-id-meta":"","stick-header-meta":"","header-above-stick-meta":"","header-main-stick-meta":"","header-below-stick-meta":"","astra-migrate-meta-layouts":"set","ast-page-background-enabled":"default","ast-page-background-meta":{"desktop":{"background-color":"","background-image":"","background-repeat":"repeat","background-position":"center center","background-size":"auto","background-attachment":"scroll","background-type":"","background-media":"","overlay-type":"","overlay-color":"","overlay-opacity":"","overlay-gradient":""},"tablet":{"background-color":"","background-image":"","background-repeat":"repeat","background-position":"center center","background-size":"auto","background-attachment":"scroll","background-type":"","background-media":"","overlay-type":"","overlay-color":"","overlay-opacity":"","overlay-gradient":""},"mobile":{"background-color":"","background-image":"","background-repeat":"repeat","background-position":"center center","background-size":"auto","background-attachment":"scroll","background-type":"","background-media":"","overlay-type":"","overlay-color":"","overlay-opacity":"","overlay-gradient":""}},"ast-content-background-meta":{"desktop":{"background-color":"var(--ast-global-color-5)","background-image":"","background-repeat":"repeat","background-position":"center center","background-size":"auto","background-attachment":"scroll","background-type":"","background-media":"","overlay-type":"","overlay-color":"","overlay-opacity":"","overlay-gradient":""},"tablet":{"background-color":"var(--ast-global-color-5)","background-image":"","background-repeat":"repeat","background-position":"center center","background-size":"auto","background-attachment":"scroll","background-type":"","background-media":"","overlay-type":"","overlay-color":"","overlay-opacity":"","overlay-gradient":""},"mobile":{"background-color":"var(--ast-global-color-5)","background-image":"","background-repeat":"repeat","background-position":"center center","background-size":"auto","background-attachment":"scroll","background-type":"","background-media":"","overlay-type":"","overlay-color":"","overlay-opacity":"","overlay-gradient":""}},"footnotes":"","_links_to":"","_links_to_target":""},"categories":[51],"tags":[131,143,71,118,141,134,75],"class_list":["post-10580","post","type-post","status-publish","format-standard","has-post-thumbnail","hentry","category-noticias-noticias","tag-autobus-urbano","tag-castilla-y-leon","tag-espana","tag-movilidad-sostenible","tag-trambahia","tag-transformacion","tag-transporte-publico"],"_links":{"self":[{"href":"https:\/\/observatoriomovilidad.es\/en\/wp-json\/wp\/v2\/posts\/10580","targetHints":{"allow":["GET"]}}],"collection":[{"href":"https:\/\/observatoriomovilidad.es\/en\/wp-json\/wp\/v2\/posts"}],"about":[{"href":"https:\/\/observatoriomovilidad.es\/en\/wp-json\/wp\/v2\/types\/post"}],"author":[{"embeddable":true,"href":"https:\/\/observatoriomovilidad.es\/en\/wp-json\/wp\/v2\/users\/1"}],"replies":[{"embeddable":true,"href":"https:\/\/observatoriomovilidad.es\/en\/wp-json\/wp\/v2\/comments?post=10580"}],"version-history":[{"count":1,"href":"https:\/\/observatoriomovilidad.es\/en\/wp-json\/wp\/v2\/posts\/10580\/revisions"}],"predecessor-version":[{"id":10582,"href":"https:\/\/observatoriomovilidad.es\/en\/wp-json\/wp\/v2\/posts\/10580\/revisions\/10582"}],"wp:featuredmedia":[{"embeddable":true,"href":"https:\/\/observatoriomovilidad.es\/en\/wp-json\/wp\/v2\/media\/10581"}],"wp:attachment":[{"href":"https:\/\/observatoriomovilidad.es\/en\/wp-json\/wp\/v2\/media?parent=10580"}],"wp:term":[{"taxonomy":"category","embeddable":true,"href":"https:\/\/observatoriomovilidad.es\/en\/wp-json\/wp\/v2\/categories?post=10580"},{"taxonomy":"post_tag","embeddable":true,"href":"https:\/\/observatoriomovilidad.es\/en\/wp-json\/wp\/v2\/tags?post=10580"}],"curies":[{"name":"wp","href":"https:\/\/api.w.org\/{rel}","templated":true}]}}