{"id":10583,"date":"2026-09-01T18:06:17","date_gmt":"2026-09-01T18:06:17","guid":{"rendered":"https:\/\/observatoriomovilidad.es\/?p=10583"},"modified":"2026-09-01T18:06:19","modified_gmt":"2026-09-01T18:06:19","slug":"aet-y-femp-compartiran-datos-para-mejorar-la-movilidad-urbana-en-espana","status":"publish","type":"post","link":"https:\/\/observatoriomovilidad.es\/en\/aet-y-femp-compartiran-datos-para-mejorar-la-movilidad-urbana-en-espana\/","title":{"rendered":"AET y FEMP compartir\u00e1n datos para mejorar la movilidad urbana en Espa\u00f1a"},"content":{"rendered":"<p class=\"wp-block-paragraph\"><strong>La Asociaci\u00f3n Espa\u00f1ola del Transporte se incorporar\u00e1 al ecosistema del proyecto EDINT para impulsar nuevos servicios de movilidad basados en el an\u00e1lisis de datos en tiempo real.<\/strong><\/p>\n\n\n\n<p class=\"wp-block-paragraph\">La Asociaci\u00f3n Espa\u00f1ola del Transporte (AET) y la Federaci\u00f3n Espa\u00f1ola de Municipios y Provincias (FEMP) han firmado un convenio de colaboraci\u00f3n para fomentar el uso compartido de datos y mejorar la movilidad urbana en Espa\u00f1a. El acuerdo permitir\u00e1 integrar informaci\u00f3n t\u00e9cnica y operativa del sector del transporte en los sistemas de las administraciones locales. El objetivo es facilitar la toma de decisiones, optimizar los servicios p\u00fablicos y desarrollar soluciones adaptadas a las necesidades reales de las ciudades.<\/p>\n\n\n\n<p class=\"wp-block-paragraph\"><strong>La AET se incorpora al proyecto EDINT<\/strong><\/p>\n\n\n\n<p class=\"wp-block-paragraph\">La colaboraci\u00f3n se desarrollar\u00e1 dentro del Espacio de Datos para Infraestructuras Urbanas Inteligentes, conocido como EDINT, una iniciativa liderada por la FEMP para mejorar la gesti\u00f3n de las infraestructuras y los servicios urbanos mediante el intercambio de informaci\u00f3n. A trav\u00e9s de este convenio, la AET y la.&nbsp;FEMP impulsar\u00e1n casos de uso relacionados con la movilidad, el transporte, el tr\u00e1fico y el consumo energ\u00e9tico. El an\u00e1lisis conjunto de los datos permitir\u00e1 a los ayuntamientos anticiparse a posibles problemas y dise\u00f1ar pol\u00edticas p\u00fablicas m\u00e1s eficientes.<\/p>\n\n\n\n<div class=\"wp-block-buttons is-content-justification-center is-layout-flex wp-container-core-buttons-is-layout-3e41869c wp-block-buttons-is-layout-flex\">\n<div class=\"wp-block-button\"><a class=\"wp-block-button__link has-text-align-center wp-element-button\" href=\"https:\/\/transporte3.com\/noticia\/24204-aet-y-femp-compartiran-datos-para-mejorar-la-movilidad-urbana-en-espana\/\">Leer la noticia completa<\/a><\/div>\n<\/div>\n\n\n\n<p class=\"wp-block-paragraph\"><\/p>","protected":false},"excerpt":{"rendered":"<p>La Asociaci\u00f3n Espa\u00f1ola del Transporte se incorporar\u00e1 al ecosistema del proyecto EDINT para impulsar nuevos servicios de movilidad basados en el an\u00e1lisis de datos en tiempo real. La Asociaci\u00f3n Espa\u00f1ola del Transporte (AET) y la Federaci\u00f3n Espa\u00f1ola de Municipios y Provincias (FEMP) han firmado un convenio de colaboraci\u00f3n para fomentar el uso compartido de datos [&hellip;]<\/p>\n","protected":false},"author":1,"featured_media":10584,"comment_status":"closed","ping_status":"closed","sticky":false,"template":"","format":"standard","meta":{"site-sidebar-layout":"no-sidebar","site-content-layout":"content-boxed-container","ast-site-content-layout":"normal-width-container","site-content-style":"boxed","site-sidebar-style":"unboxed","ast-global-header-display":"","ast-banner-title-visibility":"","ast-main-header-display":"","ast-hfb-above-header-display":"","ast-hfb-below-header-display":"","ast-hfb-mobile-header-display":"","site-post-title":"","ast-breadcrumbs-content":"","ast-featured-img":"","footer-sml-layout":"","ast-disable-related-posts":"","theme-transparent-header-meta":"disabled","adv-header-id-meta":"","stick-header-meta":"","header-above-stick-meta":"","header-main-stick-meta":"","header-below-stick-meta":"","astra-migrate-meta-layouts":"set","ast-page-background-enabled":"default","ast-page-background-meta":{"desktop":{"background-color":"","background-image":"","background-repeat":"repeat","background-position":"center center","background-size":"auto","background-attachment":"scroll","background-type":"","background-media":"","overlay-type":"","overlay-color":"","overlay-opacity":"","overlay-gradient":""},"tablet":{"background-color":"","background-image":"","background-repeat":"repeat","background-position":"center center","background-size":"auto","background-attachment":"scroll","background-type":"","background-media":"","overlay-type":"","overlay-color":"","overlay-opacity":"","overlay-gradient":""},"mobile":{"background-color":"","background-image":"","background-repeat":"repeat","background-position":"center center","background-size":"auto","background-attachment":"scroll","background-type":"","background-media":"","overlay-type":"","overlay-color":"","overlay-opacity":"","overlay-gradient":""}},"ast-content-background-meta":{"desktop":{"background-color":"var(--ast-global-color-5)","background-image":"","background-repeat":"repeat","background-position":"center center","background-size":"auto","background-attachment":"scroll","background-type":"","background-media":"","overlay-type":"","overlay-color":"","overlay-opacity":"","overlay-gradient":""},"tablet":{"background-color":"var(--ast-global-color-5)","background-image":"","background-repeat":"repeat","background-position":"center center","background-size":"auto","background-attachment":"scroll","background-type":"","background-media":"","overlay-type":"","overlay-color":"","overlay-opacity":"","overlay-gradient":""},"mobile":{"background-color":"var(--ast-global-color-5)","background-image":"","background-repeat":"repeat","background-position":"center center","background-size":"auto","background-attachment":"scroll","background-type":"","background-media":"","overlay-type":"","overlay-color":"","overlay-opacity":"","overlay-gradient":""}},"footnotes":"","_links_to":"","_links_to_target":""},"categories":[51],"tags":[144,131,71,145,118,134,75],"class_list":["post-10583","post","type-post","status-publish","format-standard","has-post-thumbnail","hentry","category-noticias-noticias","tag-aet","tag-autobus-urbano","tag-espana","tag-femp","tag-movilidad-sostenible","tag-transformacion","tag-transporte-publico"],"_links":{"self":[{"href":"https:\/\/observatoriomovilidad.es\/en\/wp-json\/wp\/v2\/posts\/10583","targetHints":{"allow":["GET"]}}],"collection":[{"href":"https:\/\/observatoriomovilidad.es\/en\/wp-json\/wp\/v2\/posts"}],"about":[{"href":"https:\/\/observatoriomovilidad.es\/en\/wp-json\/wp\/v2\/types\/post"}],"author":[{"embeddable":true,"href":"https:\/\/observatoriomovilidad.es\/en\/wp-json\/wp\/v2\/users\/1"}],"replies":[{"embeddable":true,"href":"https:\/\/observatoriomovilidad.es\/en\/wp-json\/wp\/v2\/comments?post=10583"}],"version-history":[{"count":1,"href":"https:\/\/observatoriomovilidad.es\/en\/wp-json\/wp\/v2\/posts\/10583\/revisions"}],"predecessor-version":[{"id":10585,"href":"https:\/\/observatoriomovilidad.es\/en\/wp-json\/wp\/v2\/posts\/10583\/revisions\/10585"}],"wp:featuredmedia":[{"embeddable":true,"href":"https:\/\/observatoriomovilidad.es\/en\/wp-json\/wp\/v2\/media\/10584"}],"wp:attachment":[{"href":"https:\/\/observatoriomovilidad.es\/en\/wp-json\/wp\/v2\/media?parent=10583"}],"wp:term":[{"taxonomy":"category","embeddable":true,"href":"https:\/\/observatoriomovilidad.es\/en\/wp-json\/wp\/v2\/categories?post=10583"},{"taxonomy":"post_tag","embeddable":true,"href":"https:\/\/observatoriomovilidad.es\/en\/wp-json\/wp\/v2\/tags?post=10583"}],"curies":[{"name":"wp","href":"https:\/\/api.w.org\/{rel}","templated":true}]}}