{"id":5544,"date":"2017-05-17T23:00:00","date_gmt":"2017-05-17T23:00:00","guid":{"rendered":"http:\/\/localhost\/xiv-jornada-tecnica-del-omm-en-malaga\/"},"modified":"2017-05-17T23:00:00","modified_gmt":"2017-05-17T23:00:00","slug":"xiv-jornada-tecnica-del-omm-en-malaga","status":"publish","type":"post","link":"https:\/\/observatoriomovilidad.es\/en\/xiv-jornada-tecnica-del-omm-en-malaga\/","title":{"rendered":"XIV Jornada T\u00e9cnica del OMM en M\u00e1laga"},"content":{"rendered":"<p><strong><img decoding=\"async\" height=\"109\" width=\"250\" src=\"images\/stories\/08_noticias\/noticia_20170518_programa_14jornada_malaga.jpg\" alt=\"noticia_20170518_programa_14jornada_malaga\" style=\"margin-right: 10px; float: left;\" \/>XIV Jornada T\u00e9cnica del OMM: Menos es MaaS<\/strong><\/p>\n<div style=\"text-align: justify;\"><strong><em>23 de junio de 2017. M\u00e1laga<\/em><\/strong><\/div>\n<p><!--more--><\/p>\n<h2>Programa de la XIV Jornada<\/h2>\n<p>Documento: <a href=\"images\/stories\/07_jornadas\/14_jornada_14_malaga\/14_jornadaOMM_programa_final.pdf\" class=\"jce_file_custom\"><span class=\"jce_file\">Programa<\/span> [<img decoding=\"async\" alt=\"pdf\" src=\"plugins\/editors\/jce\/tiny_mce\/plugins\/filemanager\/img\/ext\/pdf_small.gif\" \/><\/a> | 153 KB]<\/p>\n<p><\/p>\n<h2>Presentaciones previas<\/h2>\n<ul>\n<li class=\"icon_pdf\"><a class=\"jce_file\" target=\"_blank\" title=\"La movilidad en el \u00c1rea de M\u00e1laga.\" href=\"images\/stories\/07_jornadas\/14_jornada_14_malaga\/01_movilidad_area_malaga.pdf\" rel=\"noopener\">La movilidad en el \u00c1rea de M\u00e1laga.<\/a> <br \/> Marina Garc\u00eda Ponce. CTMAM. <\/li>\n<li class=\"icon_pdf\"><a class=\"jce_file\" target=\"_blank\" title=\"El transporte a la demanda en Andaluc\u00eda\" href=\"images\/stories\/07_jornadas\/14_jornada_14_malaga\/02_transporte_a_demanda.pdf\" rel=\"noopener\">El transporte a la demanda en Andaluc\u00eda<\/a> <br \/>Jos\u00e9 Luis Romero P\u00e9rez. Subdirector General de Movilidad. Junta de Andaluc\u00eda<\/li>\n<li class=\"icon_pdf\"><a class=\"jce_file\" target=\"_blank\" title=\"Tren Tranv\u00eda de la Bah\u00eda de C\u00e1diz\" href=\"images\/stories\/07_jornadas\/14_jornada_14_malaga\/03_tren-tranvia_cadiz.pdf\" rel=\"noopener\">Tren Tranv\u00eda de la Bah\u00eda de C\u00e1diz<\/a> <br \/>D. Jos\u00e9 Antonio G\u00f3mez Casado. Agencia de Obra P\u00fablica de la Junta de Andaluc\u00eda.<\/li>\n<li class=\"icon_pdf\"><a class=\"jce_file\" target=\"_blank\" title=\"Presentaci\u00f3n del Informe OMM-2015\" href=\"images\/stories\/07_jornadas\/14_jornada_14_malaga\/04_informe_omm2015.pdf\" rel=\"noopener\">Presentaci\u00f3n del Informe OMM-2015<\/a> <br \/>Andr\u00e9s Monz\u00f3n \/ Roc\u00edo Cascajo. TRANSyT-UPM.<\/li>\n<\/ul>\n<h2>Sesiones<\/h2>\n<p><strong>Sesi\u00f3n 1: Mobility as a Service (MaaS).<\/strong><\/p>\n<ul>\n<li class=\"icon_pdf\"><a class=\"jce_file\" target=\"_blank\" title=\"El transport P\u00fablico y los nuevos actores en la movilidad\" href=\"images\/stories\/07_jornadas\/14_jornada_14_malaga\/11_tp_nuevos_actores.pdf\" rel=\"noopener\">El transport P\u00fablico y los nuevos actores en la movilidad<\/a> <br \/>Dionisio Gonz\u00e1lez. UITP.<\/li>\n<li class=\"icon_pdf\"><a class=\"jce_file\" target=\"_blank\" title=\"Experiencia de MaaS en Alemania\" href=\"images\/stories\/07_jornadas\/14_jornada_14_malaga\/12_experiencia_maas.pdf\" rel=\"noopener\">Experiencia de MaaS en Alemania<\/a> <br \/>Katja Hector. Moovel.<\/li>\n<li class=\"icon_pdf\"><a class=\"jce_file\" target=\"_blank\" title=\"Carsharing\" href=\"images\/stories\/07_jornadas\/14_jornada_14_malaga\/13_carsharing.pdf\" rel=\"noopener\">Carsharing \u00bfevoluci\u00f3n o revoluci\u00f3n en el sector de los transportes?<\/a> <br \/>Ian Paterson. RESPIRO.<\/li>\n<li class=\"icon_pdf\"><a class=\"jce_file\" target=\"_blank\" title=\"MaaS te vale: oportunidades\" href=\"images\/stories\/07_jornadas\/14_jornada_14_malaga\/14_maas_te_vale.pdf\" rel=\"noopener\">MaaS te vale: oportunidades<\/a> <br \/>Mar\u00eda Eugenia L\u00f3pez-Lambas. UPM.<\/li>\n<li class=\"icon_pdf\">Integraci\u00f3n de tarjetas ciudadana y de transporte: hacia la suma efectiva de los servicios<br \/><a class=\"jce_file\" target=\"_blank\" title=\"Carlos Alocen. Ayuntamiento de Zaragoza\" href=\"images\/stories\/07_jornadas\/14_jornada_14_malaga\/15_1_tarjeta_ciudadana.pdf\" rel=\"noopener\">Carlos Alocen. Ayuntamiento de Zaragoza.<\/a> <br \/> <a class=\"jce_file\" target=\"_blank\" title=\"Juan Ort\u00edz. CTAZ\" href=\"images\/stories\/07_jornadas\/14_jornada_14_malaga\/15_2_tarjeta_ciudadana.pdf\" rel=\"noopener\">Juan Ort\u00edz. CTAZ<\/a> <\/li>\n<\/ul>\n<p><strong> Sesi\u00f3n 2: Sistemas de pago y de financiaci\u00f3n del Transporte P\u00fablico. <\/strong> <\/p>\n<ul>\n<li class=\"icon_pdf\"><a class=\"jce_file\" target=\"_blank\" title=\"Tarjeta interoperable de Andaluc\u00eda.\" href=\"images\/stories\/07_jornadas\/14_jornada_14_malaga\/21_tarjeta_cta.pdf\" rel=\"noopener\">Tarjeta interoperable de Andaluc\u00eda.<\/a> <br \/> Juan Antonio Delgado. Consorcio de Transporte de C\u00f3rdoba<\/li>\n<\/ul>\n<ul>\n<li>Mesa sobre financiaci\u00f3n<br \/> \n<ul>\n<li class=\"icon_pdf\"><a class=\"jce_file\" target=\"_blank\" title=\"Jes\u00fas Herrero. \" href=\"images\/stories\/07_jornadas\/14_jornada_14_malaga\/22_mesa_financiacion_jh.pdf\" rel=\"noopener\">Jes\u00fas Herrero. Secretario de ATUC<\/a> <\/li>\n<li class=\"icon_pdf\"><a class=\"jce_file\" target=\"_blank\" title=\"Rafael Durb\u00e1n\" href=\"images\/stories\/07_jornadas\/14_jornada_14_malaga\/23_mesa_financiacion_rd.pdf\" rel=\"noopener\">Rafael Durb\u00e1n. Director de Avanza Andaluc\u00eda.<\/a> <\/li>\n<li class=\"icon_pdf\"><a class=\"jce_file\" target=\"_blank\" title=\"M\u00aa Luisa Delgado.\" href=\"images\/stories\/07_jornadas\/14_jornada_14_malaga\/24_mesa_financiacion_mld.pdf\" rel=\"noopener\">M\u00aa Luisa Delgado. Universidad Rey Juan Carlos<\/a> <\/li>\n<\/ul>\n<\/li>\n<\/ul>\n<p>{ FacileForms : Registro_Amigos_del_OMM}{ FacileForms : Registro_Amigos_del_OMM}<\/p>\n","protected":false},"excerpt":{"rendered":"<p>XIV Jornada T\u00e9cnica del OMM: Menos es MaaS 23 de junio de 2017. M\u00e1laga<\/p>","protected":false},"author":1,"featured_media":0,"comment_status":"open","ping_status":"open","sticky":false,"template":"","format":"standard","meta":{"site-sidebar-layout":"default","site-content-layout":"","ast-site-content-layout":"default","site-content-style":"default","site-sidebar-style":"default","ast-global-header-display":"","ast-banner-title-visibility":"","ast-main-header-display":"","ast-hfb-above-header-display":"","ast-hfb-below-header-display":"","ast-hfb-mobile-header-display":"","site-post-title":"","ast-breadcrumbs-content":"","ast-featured-img":"","footer-sml-layout":"","ast-disable-related-posts":"","theme-transparent-header-meta":"","adv-header-id-meta":"","stick-header-meta":"","header-above-stick-meta":"","header-main-stick-meta":"","header-below-stick-meta":"","astra-migrate-meta-layouts":"default","ast-page-background-enabled":"default","ast-page-background-meta":{"desktop":{"background-color":"","background-image":"","background-repeat":"repeat","background-position":"center center","background-size":"auto","background-attachment":"scroll","background-type":"","background-media":"","overlay-type":"","overlay-color":"","overlay-opacity":"","overlay-gradient":""},"tablet":{"background-color":"","background-image":"","background-repeat":"repeat","background-position":"center center","background-size":"auto","background-attachment":"scroll","background-type":"","background-media":"","overlay-type":"","overlay-color":"","overlay-opacity":"","overlay-gradient":""},"mobile":{"background-color":"","background-image":"","background-repeat":"repeat","background-position":"center center","background-size":"auto","background-attachment":"scroll","background-type":"","background-media":"","overlay-type":"","overlay-color":"","overlay-opacity":"","overlay-gradient":""}},"ast-content-background-meta":{"desktop":{"background-color":"var(--ast-global-color-5)","background-image":"","background-repeat":"repeat","background-position":"center center","background-size":"auto","background-attachment":"scroll","background-type":"","background-media":"","overlay-type":"","overlay-color":"","overlay-opacity":"","overlay-gradient":""},"tablet":{"background-color":"var(--ast-global-color-5)","background-image":"","background-repeat":"repeat","background-position":"center center","background-size":"auto","background-attachment":"scroll","background-type":"","background-media":"","overlay-type":"","overlay-color":"","overlay-opacity":"","overlay-gradient":""},"mobile":{"background-color":"var(--ast-global-color-5)","background-image":"","background-repeat":"repeat","background-position":"center center","background-size":"auto","background-attachment":"scroll","background-type":"","background-media":"","overlay-type":"","overlay-color":"","overlay-opacity":"","overlay-gradient":""}},"footnotes":"","_links_to":"","_links_to_target":""},"categories":[50],"tags":[],"class_list":["post-5544","post","type-post","status-publish","format-standard","hentry","category-jornadas-antiguas"],"_links":{"self":[{"href":"https:\/\/observatoriomovilidad.es\/en\/wp-json\/wp\/v2\/posts\/5544","targetHints":{"allow":["GET"]}}],"collection":[{"href":"https:\/\/observatoriomovilidad.es\/en\/wp-json\/wp\/v2\/posts"}],"about":[{"href":"https:\/\/observatoriomovilidad.es\/en\/wp-json\/wp\/v2\/types\/post"}],"author":[{"embeddable":true,"href":"https:\/\/observatoriomovilidad.es\/en\/wp-json\/wp\/v2\/users\/1"}],"replies":[{"embeddable":true,"href":"https:\/\/observatoriomovilidad.es\/en\/wp-json\/wp\/v2\/comments?post=5544"}],"version-history":[{"count":0,"href":"https:\/\/observatoriomovilidad.es\/en\/wp-json\/wp\/v2\/posts\/5544\/revisions"}],"wp:attachment":[{"href":"https:\/\/observatoriomovilidad.es\/en\/wp-json\/wp\/v2\/media?parent=5544"}],"wp:term":[{"taxonomy":"category","embeddable":true,"href":"https:\/\/observatoriomovilidad.es\/en\/wp-json\/wp\/v2\/categories?post=5544"},{"taxonomy":"post_tag","embeddable":true,"href":"https:\/\/observatoriomovilidad.es\/en\/wp-json\/wp\/v2\/tags?post=5544"}],"curies":[{"name":"wp","href":"https:\/\/api.w.org\/{rel}","templated":true}]}}