{"id":5545,"date":"2017-05-22T15:46:24","date_gmt":"2017-05-22T15:46:24","guid":{"rendered":"http:\/\/localhost\/la-moto-compartida-y-electrica-llega-a-madrid\/"},"modified":"2017-05-22T15:46:24","modified_gmt":"2017-05-22T15:46:24","slug":"la-moto-compartida-y-electrica-llega-a-madrid","status":"publish","type":"post","link":"https:\/\/observatoriomovilidad.es\/en\/la-moto-compartida-y-electrica-llega-a-madrid\/","title":{"rendered":"La moto compartida y el\u00e9ctrica llega a Madrid"},"content":{"rendered":"<p><strong><img decoding=\"async\" style=\"margin-right: 10px; float: left;\" alt=\"noticia_20170515_ecooltra\" height=\"91\" width=\"180\" src=\"images\/stories\/08_noticias\/2017_05\/noticia_20170515_ecooltra.png\" \/><\/strong><\/p>\n<p><strong>Madrid adopta el servicio de alquiler de moto el\u00e9ctrica eCooltra Motosharing, que incorpora a la circulaci\u00f3n de la capital 280 motos.<\/strong><\/p>\n<p><!--more--><\/p>\n<div style=\"text-align: justify;\">\n<p>El servicio fue presentado el pasado mi\u00e9rcoles 17 de Mayo por la alcaldesa, Manuela Carmena, quien destac\u00f3 que \u201cMadrid aspira a convertirse en la ciudad mundial del veh\u00edculo el\u00e9ctrico y compartido\u201d.<\/p>\n<p>Esta iniciativa privada de moto compartida ya est\u00e1 funcionando en ciudades como Barcelona, Lisboa y Roma. Funciona a trav\u00e9s de la aplicaci\u00f3n eCooltra, que permite reservar desde el tel\u00e9fono inteligente el servicio. Una vez elegida la moto, se desbloquea a trav\u00e9s de la App y tras el encendido, comienza a contabilizar el servicio a raz\u00f3n de 0,24 c\u00e9ntimos el minuto.<\/p>\n<p>El veh\u00edculo incluye dos cascos y un seguro. Una vez el cliente haya concluido el trayecto, la puede aparcar en cualquier punto dentro de la zona de servicio de eCooltra, que aparece sombreada en el mapa de la ciudad de la propia aplicaci\u00f3n. Ser\u00e1 la propia empresa de motosharing la encargada de recargar la bater\u00eda de las motocicletas.<\/p>\n<p><a href=\"https:\/\/www.esmartcity.es\/2017\/05\/19\/moto-compartida-electrica-llega-madrid\" title=\"La moto compartida y el\u00e9ctrica llega a Madrid\">Ver noticia original.<\/a><\/p>\n<\/div>","protected":false},"excerpt":{"rendered":"<p>Madrid adopta el servicio de alquiler de moto el\u00e9ctrica eCooltra Motosharing, que incorpora a la circulaci\u00f3n de la capital 280 motos.<\/p>","protected":false},"author":1,"featured_media":0,"comment_status":"open","ping_status":"open","sticky":false,"template":"","format":"standard","meta":{"site-sidebar-layout":"default","site-content-layout":"","ast-site-content-layout":"default","site-content-style":"default","site-sidebar-style":"default","ast-global-header-display":"","ast-banner-title-visibility":"","ast-main-header-display":"","ast-hfb-above-header-display":"","ast-hfb-below-header-display":"","ast-hfb-mobile-header-display":"","site-post-title":"","ast-breadcrumbs-content":"","ast-featured-img":"","footer-sml-layout":"","ast-disable-related-posts":"","theme-transparent-header-meta":"","adv-header-id-meta":"","stick-header-meta":"","header-above-stick-meta":"","header-main-stick-meta":"","header-below-stick-meta":"","astra-migrate-meta-layouts":"default","ast-page-background-enabled":"default","ast-page-background-meta":{"desktop":{"background-color":"","background-image":"","background-repeat":"repeat","background-position":"center center","background-size":"auto","background-attachment":"scroll","background-type":"","background-media":"","overlay-type":"","overlay-color":"","overlay-opacity":"","overlay-gradient":""},"tablet":{"background-color":"","background-image":"","background-repeat":"repeat","background-position":"center center","background-size":"auto","background-attachment":"scroll","background-type":"","background-media":"","overlay-type":"","overlay-color":"","overlay-opacity":"","overlay-gradient":""},"mobile":{"background-color":"","background-image":"","background-repeat":"repeat","background-position":"center center","background-size":"auto","background-attachment":"scroll","background-type":"","background-media":"","overlay-type":"","overlay-color":"","overlay-opacity":"","overlay-gradient":""}},"ast-content-background-meta":{"desktop":{"background-color":"var(--ast-global-color-5)","background-image":"","background-repeat":"repeat","background-position":"center center","background-size":"auto","background-attachment":"scroll","background-type":"","background-media":"","overlay-type":"","overlay-color":"","overlay-opacity":"","overlay-gradient":""},"tablet":{"background-color":"var(--ast-global-color-5)","background-image":"","background-repeat":"repeat","background-position":"center center","background-size":"auto","background-attachment":"scroll","background-type":"","background-media":"","overlay-type":"","overlay-color":"","overlay-opacity":"","overlay-gradient":""},"mobile":{"background-color":"var(--ast-global-color-5)","background-image":"","background-repeat":"repeat","background-position":"center center","background-size":"auto","background-attachment":"scroll","background-type":"","background-media":"","overlay-type":"","overlay-color":"","overlay-opacity":"","overlay-gradient":""}},"footnotes":"","_links_to":"","_links_to_target":""},"categories":[51],"tags":[],"class_list":["post-5545","post","type-post","status-publish","format-standard","hentry","category-noticias-noticias"],"_links":{"self":[{"href":"https:\/\/observatoriomovilidad.es\/en\/wp-json\/wp\/v2\/posts\/5545","targetHints":{"allow":["GET"]}}],"collection":[{"href":"https:\/\/observatoriomovilidad.es\/en\/wp-json\/wp\/v2\/posts"}],"about":[{"href":"https:\/\/observatoriomovilidad.es\/en\/wp-json\/wp\/v2\/types\/post"}],"author":[{"embeddable":true,"href":"https:\/\/observatoriomovilidad.es\/en\/wp-json\/wp\/v2\/users\/1"}],"replies":[{"embeddable":true,"href":"https:\/\/observatoriomovilidad.es\/en\/wp-json\/wp\/v2\/comments?post=5545"}],"version-history":[{"count":0,"href":"https:\/\/observatoriomovilidad.es\/en\/wp-json\/wp\/v2\/posts\/5545\/revisions"}],"wp:attachment":[{"href":"https:\/\/observatoriomovilidad.es\/en\/wp-json\/wp\/v2\/media?parent=5545"}],"wp:term":[{"taxonomy":"category","embeddable":true,"href":"https:\/\/observatoriomovilidad.es\/en\/wp-json\/wp\/v2\/categories?post=5545"},{"taxonomy":"post_tag","embeddable":true,"href":"https:\/\/observatoriomovilidad.es\/en\/wp-json\/wp\/v2\/tags?post=5545"}],"curies":[{"name":"wp","href":"https:\/\/api.w.org\/{rel}","templated":true}]}}