{"id":5550,"date":"2017-06-01T13:00:06","date_gmt":"2017-06-01T13:00:06","guid":{"rendered":"http:\/\/localhost\/despues-de-anos-de-inactividad-se-va-a-producir-una-eclosion-de-la-planificacion-de-la-movilidad-en-la-comunitat-valenciana\/"},"modified":"2017-06-01T13:00:06","modified_gmt":"2017-06-01T13:00:06","slug":"despues-de-anos-de-inactividad-se-va-a-producir-una-eclosion-de-la-planificacion-de-la-movilidad-en-la-comunitat-valenciana","status":"publish","type":"post","link":"https:\/\/observatoriomovilidad.es\/en\/despues-de-anos-de-inactividad-se-va-a-producir-una-eclosion-de-la-planificacion-de-la-movilidad-en-la-comunitat-valenciana\/","title":{"rendered":"Despu\u00e9s de a\u00f1os de inactividad, se va a producir una eclosi\u00f3n de la planificaci\u00f3n de la movilidad en la Comunitat Valenciana"},"content":{"rendered":"<p><strong><img decoding=\"async\" src=\"images\/stories\/08_noticias\/2017_06\/170504_Forum_per_la_Mobilitat_de_la_Comunitat_Valenciana_(2).JPG\" width=\"180\" height=\"91\" alt=\"170504_Forum_per_la_Mobilitat_de_la_Comunitat_Valenciana_(2)\" style=\"margin-right: 10px; float: left;\" \/>La consellera de Vivienda, Obras P\u00fablicas y Vertebraci\u00f3n del Territorio, Mar\u00eda Jos\u00e9 Salvador, ha afirmado que, en los pr\u00f3ximos a\u00f1os, se va a producir una \u00abeclosi\u00f3n de la planificaci\u00f3n de la movilidad\u00bb despu\u00e9s de a\u00f1os de inacci\u00f3n, con la puesta en marcha de diversas iniciativas.<\/strong><\/p>\n<p><!--more--><\/p>\n<div style=\"text-align: justify;\">\n<p>As\u00ed se ha referido durante el acto de constituci\u00f3n del Foro de la Movilidad de la Comunitat Valenciana, formado por representantes de la sociedad valenciana, para analizar la evoluci\u00f3n de la movilidad, as\u00ed como abordar conjuntamente las acciones y medidas necesarias para promover desplazamientos \u00e1giles, seguros, energ\u00e9ticamente eficientes, menos contaminantes y perfectamente adaptados a las necesidades de las personas con movilidad reducida. \u00abEl objetivo es conseguir ciudades m\u00e1s sanas, tranquilas e integradoras\u00bb, ha se\u00f1alado durante el acto.<\/p>\n<p><strong>Planes de Movilidad Metropolitana para el 60% de la poblaci\u00f3n <\/strong><\/p>\n<p>En este sentido, Salvador ha asegurado que las herramientas m\u00e1s importantes para conseguir los objetivos marcados por la actual Generalitat son los planes de movilidad y ha anunciado que, en breve, se adjudicar\u00e1n los tres planes de Movilidad Metropolitana (PMoMe) de Val\u00e8ncia, Alicante-Elche y Castell\u00f3.<\/p>\n<p>Con ellos se promover\u00e1n \u00abacciones concretas de movilidad sostenible para m\u00e1s del 60% de la poblaci\u00f3n de la Comunitat y precisamente en los 83 municipios donde la relaci\u00f3n coste-eficacia de las medidas va a ser m\u00e1s favorable\u00bb, ha indicado.<\/p>\n<p>Los PMoMe se elaborar\u00e1n con la m\u00e1s amplia participaci\u00f3n y se concertar\u00e1n con los municipios para trabajar y analizar los resultados de las encuestas de movilidad, que deber\u00e1n servir para actualizar o redactar por primera vez los planes municipales de movilidad urbana en cada localidad.<\/p>\n<p>\u00abNuestro objetivo -ha dicho- es mejorar la calidad del aire de nuestras \u00e1reas metropolitanas porque la principal fuente de contaminaci\u00f3n en las mismas es el tr\u00e1fico rodado y su repercusi\u00f3n sobre la salud es muy grave\u00bb.<\/p>\n<p><a title=\"Despu\u00e9s de a\u00f1os de inacci\u00f3n, se va a producir una eclosi\u00f3n de la planificaci\u00f3n de la movilidad en la Comunitat\" target=\"_blank\" href=\"http:\/\/www.gva.es\/va\/inicio\/area_de_prensa\/not_detalle_area_prensa?id=706193\" style=\"line-height: 1.6;\" rel=\"noopener\">Lea la noticia completa aqu\u00ed<\/a><\/p>\n<\/div>","protected":false},"excerpt":{"rendered":"<p>La consellera de Vivienda, Obras P\u00fablicas y Vertebraci\u00f3n del Territorio, Mar\u00eda Jos\u00e9 Salvador, ha afirmado que, en los pr\u00f3ximos a\u00f1os, se va a producir una \u00abeclosi\u00f3n de la planificaci\u00f3n de la movilidad\u00bb despu\u00e9s de a\u00f1os de inacci\u00f3n, con la puesta en marcha de diversas iniciativas.<\/p>","protected":false},"author":1,"featured_media":0,"comment_status":"open","ping_status":"open","sticky":false,"template":"","format":"standard","meta":{"site-sidebar-layout":"default","site-content-layout":"","ast-site-content-layout":"default","site-content-style":"default","site-sidebar-style":"default","ast-global-header-display":"","ast-banner-title-visibility":"","ast-main-header-display":"","ast-hfb-above-header-display":"","ast-hfb-below-header-display":"","ast-hfb-mobile-header-display":"","site-post-title":"","ast-breadcrumbs-content":"","ast-featured-img":"","footer-sml-layout":"","ast-disable-related-posts":"","theme-transparent-header-meta":"","adv-header-id-meta":"","stick-header-meta":"","header-above-stick-meta":"","header-main-stick-meta":"","header-below-stick-meta":"","astra-migrate-meta-layouts":"default","ast-page-background-enabled":"default","ast-page-background-meta":{"desktop":{"background-color":"","background-image":"","background-repeat":"repeat","background-position":"center center","background-size":"auto","background-attachment":"scroll","background-type":"","background-media":"","overlay-type":"","overlay-color":"","overlay-opacity":"","overlay-gradient":""},"tablet":{"background-color":"","background-image":"","background-repeat":"repeat","background-position":"center center","background-size":"auto","background-attachment":"scroll","background-type":"","background-media":"","overlay-type":"","overlay-color":"","overlay-opacity":"","overlay-gradient":""},"mobile":{"background-color":"","background-image":"","background-repeat":"repeat","background-position":"center center","background-size":"auto","background-attachment":"scroll","background-type":"","background-media":"","overlay-type":"","overlay-color":"","overlay-opacity":"","overlay-gradient":""}},"ast-content-background-meta":{"desktop":{"background-color":"var(--ast-global-color-5)","background-image":"","background-repeat":"repeat","background-position":"center center","background-size":"auto","background-attachment":"scroll","background-type":"","background-media":"","overlay-type":"","overlay-color":"","overlay-opacity":"","overlay-gradient":""},"tablet":{"background-color":"var(--ast-global-color-5)","background-image":"","background-repeat":"repeat","background-position":"center center","background-size":"auto","background-attachment":"scroll","background-type":"","background-media":"","overlay-type":"","overlay-color":"","overlay-opacity":"","overlay-gradient":""},"mobile":{"background-color":"var(--ast-global-color-5)","background-image":"","background-repeat":"repeat","background-position":"center center","background-size":"auto","background-attachment":"scroll","background-type":"","background-media":"","overlay-type":"","overlay-color":"","overlay-opacity":"","overlay-gradient":""}},"footnotes":"","_links_to":"","_links_to_target":""},"categories":[51],"tags":[],"class_list":["post-5550","post","type-post","status-publish","format-standard","hentry","category-noticias-noticias"],"_links":{"self":[{"href":"https:\/\/observatoriomovilidad.es\/en\/wp-json\/wp\/v2\/posts\/5550","targetHints":{"allow":["GET"]}}],"collection":[{"href":"https:\/\/observatoriomovilidad.es\/en\/wp-json\/wp\/v2\/posts"}],"about":[{"href":"https:\/\/observatoriomovilidad.es\/en\/wp-json\/wp\/v2\/types\/post"}],"author":[{"embeddable":true,"href":"https:\/\/observatoriomovilidad.es\/en\/wp-json\/wp\/v2\/users\/1"}],"replies":[{"embeddable":true,"href":"https:\/\/observatoriomovilidad.es\/en\/wp-json\/wp\/v2\/comments?post=5550"}],"version-history":[{"count":0,"href":"https:\/\/observatoriomovilidad.es\/en\/wp-json\/wp\/v2\/posts\/5550\/revisions"}],"wp:attachment":[{"href":"https:\/\/observatoriomovilidad.es\/en\/wp-json\/wp\/v2\/media?parent=5550"}],"wp:term":[{"taxonomy":"category","embeddable":true,"href":"https:\/\/observatoriomovilidad.es\/en\/wp-json\/wp\/v2\/categories?post=5550"},{"taxonomy":"post_tag","embeddable":true,"href":"https:\/\/observatoriomovilidad.es\/en\/wp-json\/wp\/v2\/tags?post=5550"}],"curies":[{"name":"wp","href":"https:\/\/api.w.org\/{rel}","templated":true}]}}