{"id":5553,"date":"2017-06-01T11:45:39","date_gmt":"2017-06-01T11:45:39","guid":{"rendered":"http:\/\/localhost\/el-ministerio-de-agricultura-y-pesca-alimentacion-y-medio-ambiente-impulsa-la-participacion-en-la-17a-edicion-de-la-sem-bajo-el-lema-compartir-te-lleva-mas-lejos\/"},"modified":"2017-06-01T11:45:39","modified_gmt":"2017-06-01T11:45:39","slug":"el-ministerio-de-agricultura-y-pesca-alimentacion-y-medio-ambiente-impulsa-la-participacion-en-la-17a-edicion-de-la-sem-bajo-el-lema-compartir-te-lleva-mas-lejos","status":"publish","type":"post","link":"https:\/\/observatoriomovilidad.es\/en\/el-ministerio-de-agricultura-y-pesca-alimentacion-y-medio-ambiente-impulsa-la-participacion-en-la-17a-edicion-de-la-sem-bajo-el-lema-compartir-te-lleva-mas-lejos\/","title":{"rendered":"El Ministerio de Agricultura y Pesca, Alimentaci\u00f3n y Medio Ambiente impulsa la participaci\u00f3n en la 17\u00aa edici\u00f3n de la SEM bajo el lema \u201cCompartir te lleva m\u00e1s lejos\u201d"},"content":{"rendered":"<p><strong><img decoding=\"async\" src=\"images\/stories\/08_noticias\/2017_06\/1706_SEM.JPG\" width=\"180\" height=\"91\" alt=\"1706_SEM\" style=\"margin-right: 10px; float: left;\" \/>Espa\u00f1a desde hace muchos a\u00f1os lidera la participaci\u00f3n en la Semana Europea de la Movilidad y en la edici\u00f3n del pasado a\u00f1o cont\u00f3 con la adhesi\u00f3n de 451 ciudades participantes y con 7.047 medidas permanentes.<\/strong><\/p>\n<p><!--more--><\/p>\n<div style=\"text-align: justify;\">\n<p>El Ministerio de Agricultura y Pesca, Alimentaci\u00f3n y Medio Ambiente (MAPAMA) contin\u00faa impulsando la participaci\u00f3n en la convocatoria de la Semana Europea de la Movilidad (SEM) en su 17\u00aa edici\u00f3n, que se celebrar\u00e1 del 16 al 22 de septiembre bajo el lema \u201cCompartir te lleva m\u00e1s lejos\u201d.<\/p>\n<p>El Ministerio de Agricultura y Pesca, Alimentaci\u00f3n y Medio Ambiente (MAPAMA) contin\u00faa impulsando la participaci\u00f3n en la convocatoria de la Semana Europea de la Movilidad (SEM) en su 17\u00aa edici\u00f3n, que se celebrar\u00e1 del 16 al 22 de septiembre bajo el lema \u201cCompartir te lleva m\u00e1s lejos\u201d.<\/p>\n<p>El tema elegido este a\u00f1o por la Comisi\u00f3n Europea est\u00e1 centrado en la movilidad limpia, compartida e inteligente y el lema es: \u00a1Compartir te lleva m\u00e1s lejos!. La Uni\u00f3n Europea nos anima a fomentar soluciones de movilidad compartida y destacar los beneficios de modos de transporte m\u00e1s limpios, apoy\u00e1ndonos en las tecnolog\u00edas de transporte inteligente. La Comisaria europea de Transporte, Violeta Bulc, ha establecido cuatro \u00e1reas prioritarias: innovaci\u00f3n, digitalizaci\u00f3n, descarbonizaci\u00f3n y ciudadan\u00eda.<\/p>\n<p>Puedes ver m\u00e1s informaci\u00f3n sobre Semana Europea de la Movilidad en la <a title=\"El Ministerio de Agricultura y Pesca, Alimentaci\u00f3n y Medio Ambiente impulsa la participaci\u00f3n en la 17\u00aa edici\u00f3n de la SEM bajo el lema \u201cCompartir te lleva m\u00e1s lejos\u201d\" href=\"images\/stories\/08_noticias\/2017_06\/NDP_SEM_2017.pdf\">nota de prensa<\/a> publicada al respecto adem\u00e1s de en el <em><a title=\"Flyer SEM\" href=\"images\/stories\/08_noticias\/2017_06\/FLYER.PDF\">flyer<\/a><\/em>.<\/div>","protected":false},"excerpt":{"rendered":"<p>Espa\u00f1a desde hace muchos a\u00f1os lidera la participaci\u00f3n en la Semana Europea de la Movilidad y en la edici\u00f3n del pasado a\u00f1o cont\u00f3 con la adhesi\u00f3n de 451 ciudades participantes y con 7.047 medidas permanentes.<\/p>","protected":false},"author":1,"featured_media":0,"comment_status":"open","ping_status":"open","sticky":false,"template":"","format":"standard","meta":{"site-sidebar-layout":"default","site-content-layout":"","ast-site-content-layout":"default","site-content-style":"default","site-sidebar-style":"default","ast-global-header-display":"","ast-banner-title-visibility":"","ast-main-header-display":"","ast-hfb-above-header-display":"","ast-hfb-below-header-display":"","ast-hfb-mobile-header-display":"","site-post-title":"","ast-breadcrumbs-content":"","ast-featured-img":"","footer-sml-layout":"","ast-disable-related-posts":"","theme-transparent-header-meta":"","adv-header-id-meta":"","stick-header-meta":"","header-above-stick-meta":"","header-main-stick-meta":"","header-below-stick-meta":"","astra-migrate-meta-layouts":"default","ast-page-background-enabled":"default","ast-page-background-meta":{"desktop":{"background-color":"","background-image":"","background-repeat":"repeat","background-position":"center center","background-size":"auto","background-attachment":"scroll","background-type":"","background-media":"","overlay-type":"","overlay-color":"","overlay-opacity":"","overlay-gradient":""},"tablet":{"background-color":"","background-image":"","background-repeat":"repeat","background-position":"center center","background-size":"auto","background-attachment":"scroll","background-type":"","background-media":"","overlay-type":"","overlay-color":"","overlay-opacity":"","overlay-gradient":""},"mobile":{"background-color":"","background-image":"","background-repeat":"repeat","background-position":"center center","background-size":"auto","background-attachment":"scroll","background-type":"","background-media":"","overlay-type":"","overlay-color":"","overlay-opacity":"","overlay-gradient":""}},"ast-content-background-meta":{"desktop":{"background-color":"var(--ast-global-color-5)","background-image":"","background-repeat":"repeat","background-position":"center center","background-size":"auto","background-attachment":"scroll","background-type":"","background-media":"","overlay-type":"","overlay-color":"","overlay-opacity":"","overlay-gradient":""},"tablet":{"background-color":"var(--ast-global-color-5)","background-image":"","background-repeat":"repeat","background-position":"center center","background-size":"auto","background-attachment":"scroll","background-type":"","background-media":"","overlay-type":"","overlay-color":"","overlay-opacity":"","overlay-gradient":""},"mobile":{"background-color":"var(--ast-global-color-5)","background-image":"","background-repeat":"repeat","background-position":"center center","background-size":"auto","background-attachment":"scroll","background-type":"","background-media":"","overlay-type":"","overlay-color":"","overlay-opacity":"","overlay-gradient":""}},"footnotes":"","_links_to":"","_links_to_target":""},"categories":[51],"tags":[],"class_list":["post-5553","post","type-post","status-publish","format-standard","hentry","category-noticias-noticias"],"_links":{"self":[{"href":"https:\/\/observatoriomovilidad.es\/en\/wp-json\/wp\/v2\/posts\/5553","targetHints":{"allow":["GET"]}}],"collection":[{"href":"https:\/\/observatoriomovilidad.es\/en\/wp-json\/wp\/v2\/posts"}],"about":[{"href":"https:\/\/observatoriomovilidad.es\/en\/wp-json\/wp\/v2\/types\/post"}],"author":[{"embeddable":true,"href":"https:\/\/observatoriomovilidad.es\/en\/wp-json\/wp\/v2\/users\/1"}],"replies":[{"embeddable":true,"href":"https:\/\/observatoriomovilidad.es\/en\/wp-json\/wp\/v2\/comments?post=5553"}],"version-history":[{"count":0,"href":"https:\/\/observatoriomovilidad.es\/en\/wp-json\/wp\/v2\/posts\/5553\/revisions"}],"wp:attachment":[{"href":"https:\/\/observatoriomovilidad.es\/en\/wp-json\/wp\/v2\/media?parent=5553"}],"wp:term":[{"taxonomy":"category","embeddable":true,"href":"https:\/\/observatoriomovilidad.es\/en\/wp-json\/wp\/v2\/categories?post=5553"},{"taxonomy":"post_tag","embeddable":true,"href":"https:\/\/observatoriomovilidad.es\/en\/wp-json\/wp\/v2\/tags?post=5553"}],"curies":[{"name":"wp","href":"https:\/\/api.w.org\/{rel}","templated":true}]}}