{"id":5559,"date":"2017-06-16T10:53:02","date_gmt":"2017-06-16T10:53:02","guid":{"rendered":"http:\/\/localhost\/la-diputacion-de-valencia-hara-132-kilometros-de-vias-ciclopeatonales\/"},"modified":"2017-06-16T10:53:02","modified_gmt":"2017-06-16T10:53:02","slug":"la-diputacion-de-valencia-hara-132-kilometros-de-vias-ciclopeatonales","status":"publish","type":"post","link":"https:\/\/observatoriomovilidad.es\/en\/la-diputacion-de-valencia-hara-132-kilometros-de-vias-ciclopeatonales\/","title":{"rendered":"La Diputaci\u00f3n de Valencia har\u00e1 132 kil\u00f3metros de v\u00edas ciclopeatonales"},"content":{"rendered":"<p><strong><img decoding=\"async\" style=\"margin-right: 10px; float: left;\" alt=\"noticia_20170616_ciclocarriles_Valencia\" height=\"91\" width=\"180\" src=\"images\/stories\/08_noticias\/2017_06\/noticia_20170616_ciclocarriles_Valencia.jpg\" \/>El objetivo es mejorar la seguridad de ciclistas y peatones y fomentar el transporte sostenible.<\/strong><\/p>\n<p><!--more--><\/p>\n<div style=\"text-align: justify;\">\n<p>Las 97 actuaciones contenidas en el proyecto, presentado este jueves, est\u00e1n repartidas en 92 municipios de la provincia de Valencia, abarcan trayectos cortos y est\u00e1n planteadas para conectar unas poblaciones con otras, as\u00ed como los n\u00facleos urbanos con centros de trabajo y ocio. Para la selecci\u00f3n de las actuaciones se han analizado aspectos como la peligrosidad de los trayectos que ciclistas y peatones realizan ahora por estrechos arcenes.<\/p>\n<p>Las v\u00edas ciclopeatonales ir\u00e1n separadas f\u00edsicamente de las carreteras por las que circulan los veh\u00edculos de motor. En unos casos se aprovechan arcenes y caminos ya existentes y en otros se parte pr\u00e1cticamente de cero. Un criterio de selecci\u00f3n ha sido que los nuevos tramos para bicis y peatones conecten con otros de las mismas caracter\u00edsticas ya existentes, sean de la Diputaci\u00f3n, de la Generalitat o de municipales.<\/p>\n<p>Pablo Segu\u00ed, responsable de Carreteras de la corporaci\u00f3n provincial, ha indicado que del total de proyectos incluidos en el plan, 22 est\u00e1n ejecutados, en ejecuci\u00f3n o en fases de licitaci\u00f3n. Para 2019 est\u00e1 previsto que est\u00e9n terminados 36 primeros. El plazo total del plan es de ocho a\u00f1os y tiene un presupuesto de 40 millones de euros.<\/p>\n<p>La iniciativa de la Diputaci\u00f3n se suma a otras, como el anillo verde metropolitano de Valencia con el que la Consejer\u00eda de Obras P\u00fablicas va a conectar la pedan\u00eda de Pinedo, al sur de la ciudad, con Alboraia, al norte, trazando un arco que atraviesa todos los municipios vecinos de la urbe. A finales de mayo, la Generalitat licit\u00f3 un tramo de 16 kil\u00f3metros del total de 52 que tendr\u00e1 el anillo.<\/p>\n<p><a style=\"line-height: 1.6;\" href=\"http:\/\/ccaa.elpais.com\/ccaa\/2017\/06\/08\/valencia\/1496939741_017703.html\" target=\"_blank\" title=\"La Diputaci\u00f3n de Valencia har\u00e1 132 kil\u00f3metros de v\u00edas ciclopeatonales\" rel=\"noopener\">Lea la noticia completa aqu\u00ed<\/a><\/p>\n<\/div>","protected":false},"excerpt":{"rendered":"<p>El objetivo es mejorar la seguridad de ciclistas y peatones y fomentar el transporte sostenible.<\/p>","protected":false},"author":1,"featured_media":0,"comment_status":"open","ping_status":"open","sticky":false,"template":"","format":"standard","meta":{"site-sidebar-layout":"default","site-content-layout":"","ast-site-content-layout":"default","site-content-style":"default","site-sidebar-style":"default","ast-global-header-display":"","ast-banner-title-visibility":"","ast-main-header-display":"","ast-hfb-above-header-display":"","ast-hfb-below-header-display":"","ast-hfb-mobile-header-display":"","site-post-title":"","ast-breadcrumbs-content":"","ast-featured-img":"","footer-sml-layout":"","ast-disable-related-posts":"","theme-transparent-header-meta":"","adv-header-id-meta":"","stick-header-meta":"","header-above-stick-meta":"","header-main-stick-meta":"","header-below-stick-meta":"","astra-migrate-meta-layouts":"default","ast-page-background-enabled":"default","ast-page-background-meta":{"desktop":{"background-color":"","background-image":"","background-repeat":"repeat","background-position":"center center","background-size":"auto","background-attachment":"scroll","background-type":"","background-media":"","overlay-type":"","overlay-color":"","overlay-opacity":"","overlay-gradient":""},"tablet":{"background-color":"","background-image":"","background-repeat":"repeat","background-position":"center center","background-size":"auto","background-attachment":"scroll","background-type":"","background-media":"","overlay-type":"","overlay-color":"","overlay-opacity":"","overlay-gradient":""},"mobile":{"background-color":"","background-image":"","background-repeat":"repeat","background-position":"center center","background-size":"auto","background-attachment":"scroll","background-type":"","background-media":"","overlay-type":"","overlay-color":"","overlay-opacity":"","overlay-gradient":""}},"ast-content-background-meta":{"desktop":{"background-color":"var(--ast-global-color-5)","background-image":"","background-repeat":"repeat","background-position":"center center","background-size":"auto","background-attachment":"scroll","background-type":"","background-media":"","overlay-type":"","overlay-color":"","overlay-opacity":"","overlay-gradient":""},"tablet":{"background-color":"var(--ast-global-color-5)","background-image":"","background-repeat":"repeat","background-position":"center center","background-size":"auto","background-attachment":"scroll","background-type":"","background-media":"","overlay-type":"","overlay-color":"","overlay-opacity":"","overlay-gradient":""},"mobile":{"background-color":"var(--ast-global-color-5)","background-image":"","background-repeat":"repeat","background-position":"center center","background-size":"auto","background-attachment":"scroll","background-type":"","background-media":"","overlay-type":"","overlay-color":"","overlay-opacity":"","overlay-gradient":""}},"footnotes":"","_links_to":"","_links_to_target":""},"categories":[51],"tags":[],"class_list":["post-5559","post","type-post","status-publish","format-standard","hentry","category-noticias-noticias"],"_links":{"self":[{"href":"https:\/\/observatoriomovilidad.es\/en\/wp-json\/wp\/v2\/posts\/5559","targetHints":{"allow":["GET"]}}],"collection":[{"href":"https:\/\/observatoriomovilidad.es\/en\/wp-json\/wp\/v2\/posts"}],"about":[{"href":"https:\/\/observatoriomovilidad.es\/en\/wp-json\/wp\/v2\/types\/post"}],"author":[{"embeddable":true,"href":"https:\/\/observatoriomovilidad.es\/en\/wp-json\/wp\/v2\/users\/1"}],"replies":[{"embeddable":true,"href":"https:\/\/observatoriomovilidad.es\/en\/wp-json\/wp\/v2\/comments?post=5559"}],"version-history":[{"count":0,"href":"https:\/\/observatoriomovilidad.es\/en\/wp-json\/wp\/v2\/posts\/5559\/revisions"}],"wp:attachment":[{"href":"https:\/\/observatoriomovilidad.es\/en\/wp-json\/wp\/v2\/media?parent=5559"}],"wp:term":[{"taxonomy":"category","embeddable":true,"href":"https:\/\/observatoriomovilidad.es\/en\/wp-json\/wp\/v2\/categories?post=5559"},{"taxonomy":"post_tag","embeddable":true,"href":"https:\/\/observatoriomovilidad.es\/en\/wp-json\/wp\/v2\/tags?post=5559"}],"curies":[{"name":"wp","href":"https:\/\/api.w.org\/{rel}","templated":true}]}}