{"id":5562,"date":"2017-06-29T07:33:28","date_gmt":"2017-06-29T07:33:28","guid":{"rendered":"http:\/\/localhost\/salvador-destaca-que-la-comunitat-valenciana-qha-marcado-su-hoja-de-ruta-en-movilidad-inteligenteq\/"},"modified":"2017-06-29T07:33:28","modified_gmt":"2017-06-29T07:33:28","slug":"salvador-destaca-que-la-comunitat-valenciana-qha-marcado-su-hoja-de-ruta-en-movilidad-inteligenteq","status":"publish","type":"post","link":"https:\/\/observatoriomovilidad.es\/en\/salvador-destaca-que-la-comunitat-valenciana-qha-marcado-su-hoja-de-ruta-en-movilidad-inteligenteq\/","title":{"rendered":"Salvador destaca que la Comunitat Valenciana \u00abha marcado su hoja de ruta en movilidad inteligente\u00bb"},"content":{"rendered":"<p><strong><img decoding=\"async\" src=\"images\/stories\/08_noticias\/2017_07\/1707_foto_jornadamovilidad.png\" width=\"180\" height=\"91\" alt=\"1707_foto_jornadamovilidad\" style=\"margin-right: 10px; float: left;\" \/>L<strong>a consellera ha inaugurado en Alicante la II Jornada de Movilidad Inteligente, &#8216;Movilidad en un Click&#8217;. Para el Consell es prioritaria la incorporaci\u00f3n de las nuevas tecnolog\u00edas en el \u00e1mbito de la movilidad<\/strong>.<\/strong><\/p>\n<p><!--more--><\/p>\n<div style=\"text-align: justify;\">\n<p>La consellera de Vivienda, Obras P\u00fablicas y Vertebraci\u00f3n del Territorio, Mar\u00eda Jos\u00e9 Salvador, ha se\u00f1alado en la inauguraci\u00f3n de la II Jornada de Movilidad Inteligente, &#8216;Movilidad en un Click&#8217;, que \u00abla movilidad inteligente es un \u00e1mbito en el que se est\u00e1 trabajando intensamente desde la Generalitat para que la Comunitat Valenciana avance, como lo estamos haciendo, en la incorporaci\u00f3n de las nuevas tecnolog\u00edas y su accesibilidad a las personas\u00bb. De hecho, ha destacado que ya se est\u00e1n realizando trabajos al respecto y esta hoja de ruta tambi\u00e9n es compartida por las administraciones locales que est\u00e1n implicadas en el desarrollo de este tipo de movilidad inteligente.<\/p>\n<p>Esta jornada, que se ha celebrado en Alicante, ha sido organizada por Pavapark y Vectalia y, adem\u00e1s de expertos y empresas punteras en la materia, han participado representantes de las diferentes administraciones y de entidades sociales, as\u00ed como el rector de la Universidad de Alicante, Manuel Palomar y el alcalde de Alicante, Gabriel Ech\u00e1varri.<\/p>\n<p><strong>Movilidad sostenible en contin\u00fao avance <\/strong><\/p>\n<p>Seg\u00fan ha afirmado Salvador, \u00aben la Comunitat hay un ecosistema tecnol\u00f3gico enfocado a la movilidad sostenible que est\u00e1 en continuo avance y que requiere del impulso necesario para que sirva de catalizador y de canalizador de las necesidades e inquietudes de todos los componentes del ecosistema\u00bb.<\/p>\n<p>En este sentido, la consellera ha hecho referencia a que \u00aben 2006 empez\u00f3 a funcionar la tarjeta M\u00f3bilis en Alicante, y posteriormente en Castell\u00f3n y Val\u00e8ncia, de manera que en 2009 se hab\u00eda extendido su uso a la Comunitat. Adem\u00e1s hemos sido pioneros en la aplicaci\u00f3n de los sistemas inteligentes de transporte, los ITS, especialmente en el que se refiere al transporte p\u00fablico y la movilidad. Y ese proceso no ha parado\u00bb.<\/p>\n<p>Para Mar\u00eda Jos\u00e9 Salvador, \u00aben materia de movilidad inteligente es fundamental disponer de un proyecto \u00fanico y coordinado, porque es m\u00e1s importante invertir bien que invertir mucho, la mayor\u00eda de las veces los proyectos consisten en servicios que, de forma armonizada, producen muchos m\u00e1s beneficios que el coste que puedan implicar\u00bb.<\/p>\n<p><strong>Tecnolog\u00eda aplicada a la movilidad <\/strong><\/p>\n<p>Asimismo ha subrayado que \u00abtenemos en cuenta la tecnolog\u00eda para los proyectos relacionados con la movilidad que estamos desarrollando. Por ejemplo, en la reordenaci\u00f3n del mapa concesional del transporte interurbano de viajeros por carretera, una situaci\u00f3n heredada de caducidad de la gran mayor\u00eda de las concesiones pero que nos permite partir de cero, estamos contemplando la aplicaci\u00f3n de sistemas inteligentes de transporte que nos proporcionen una base tecnol\u00f3gica de conocimiento, gesti\u00f3n e informaci\u00f3n al ciudadano sobre los servicios de transporte en la Comunitat\u00bb.<\/p>\n<p><a title=\"Salvador destaca que la Comunitat Valenciana \" marcado=\"marcado\" target=\"_blank\" href=\"http:\/\/www.gva.es\/va\/inicio\/area_de_prensa\/not_detalle_area_prensa?id=710160\" style=\"line-height: 1.6;\" rel=\"noopener\">Lea la noticia completa aqu\u00ed<\/a><\/p>\n<\/div>","protected":false},"excerpt":{"rendered":"<p>La consellera ha inaugurado en Alicante la II Jornada de Movilidad Inteligente, &#8216;Movilidad en un Click&#8217;. Para el Consell es prioritaria la incorporaci\u00f3n de las nuevas tecnolog\u00edas en el \u00e1mbito de la movilidad.<\/p>","protected":false},"author":1,"featured_media":0,"comment_status":"open","ping_status":"open","sticky":false,"template":"","format":"standard","meta":{"site-sidebar-layout":"default","site-content-layout":"","ast-site-content-layout":"default","site-content-style":"default","site-sidebar-style":"default","ast-global-header-display":"","ast-banner-title-visibility":"","ast-main-header-display":"","ast-hfb-above-header-display":"","ast-hfb-below-header-display":"","ast-hfb-mobile-header-display":"","site-post-title":"","ast-breadcrumbs-content":"","ast-featured-img":"","footer-sml-layout":"","ast-disable-related-posts":"","theme-transparent-header-meta":"","adv-header-id-meta":"","stick-header-meta":"","header-above-stick-meta":"","header-main-stick-meta":"","header-below-stick-meta":"","astra-migrate-meta-layouts":"default","ast-page-background-enabled":"default","ast-page-background-meta":{"desktop":{"background-color":"","background-image":"","background-repeat":"repeat","background-position":"center center","background-size":"auto","background-attachment":"scroll","background-type":"","background-media":"","overlay-type":"","overlay-color":"","overlay-opacity":"","overlay-gradient":""},"tablet":{"background-color":"","background-image":"","background-repeat":"repeat","background-position":"center center","background-size":"auto","background-attachment":"scroll","background-type":"","background-media":"","overlay-type":"","overlay-color":"","overlay-opacity":"","overlay-gradient":""},"mobile":{"background-color":"","background-image":"","background-repeat":"repeat","background-position":"center center","background-size":"auto","background-attachment":"scroll","background-type":"","background-media":"","overlay-type":"","overlay-color":"","overlay-opacity":"","overlay-gradient":""}},"ast-content-background-meta":{"desktop":{"background-color":"var(--ast-global-color-5)","background-image":"","background-repeat":"repeat","background-position":"center center","background-size":"auto","background-attachment":"scroll","background-type":"","background-media":"","overlay-type":"","overlay-color":"","overlay-opacity":"","overlay-gradient":""},"tablet":{"background-color":"var(--ast-global-color-5)","background-image":"","background-repeat":"repeat","background-position":"center center","background-size":"auto","background-attachment":"scroll","background-type":"","background-media":"","overlay-type":"","overlay-color":"","overlay-opacity":"","overlay-gradient":""},"mobile":{"background-color":"var(--ast-global-color-5)","background-image":"","background-repeat":"repeat","background-position":"center center","background-size":"auto","background-attachment":"scroll","background-type":"","background-media":"","overlay-type":"","overlay-color":"","overlay-opacity":"","overlay-gradient":""}},"footnotes":"","_links_to":"","_links_to_target":""},"categories":[51],"tags":[],"class_list":["post-5562","post","type-post","status-publish","format-standard","hentry","category-noticias-noticias"],"_links":{"self":[{"href":"https:\/\/observatoriomovilidad.es\/en\/wp-json\/wp\/v2\/posts\/5562","targetHints":{"allow":["GET"]}}],"collection":[{"href":"https:\/\/observatoriomovilidad.es\/en\/wp-json\/wp\/v2\/posts"}],"about":[{"href":"https:\/\/observatoriomovilidad.es\/en\/wp-json\/wp\/v2\/types\/post"}],"author":[{"embeddable":true,"href":"https:\/\/observatoriomovilidad.es\/en\/wp-json\/wp\/v2\/users\/1"}],"replies":[{"embeddable":true,"href":"https:\/\/observatoriomovilidad.es\/en\/wp-json\/wp\/v2\/comments?post=5562"}],"version-history":[{"count":0,"href":"https:\/\/observatoriomovilidad.es\/en\/wp-json\/wp\/v2\/posts\/5562\/revisions"}],"wp:attachment":[{"href":"https:\/\/observatoriomovilidad.es\/en\/wp-json\/wp\/v2\/media?parent=5562"}],"wp:term":[{"taxonomy":"category","embeddable":true,"href":"https:\/\/observatoriomovilidad.es\/en\/wp-json\/wp\/v2\/categories?post=5562"},{"taxonomy":"post_tag","embeddable":true,"href":"https:\/\/observatoriomovilidad.es\/en\/wp-json\/wp\/v2\/tags?post=5562"}],"curies":[{"name":"wp","href":"https:\/\/api.w.org\/{rel}","templated":true}]}}