{"id":5563,"date":"2017-06-29T08:04:07","date_gmt":"2017-06-29T08:04:07","guid":{"rendered":"http:\/\/localhost\/innovar-en-movilidad-es-indispensable-para-construir-la-autentica-industria-4-0\/"},"modified":"2017-06-29T08:04:07","modified_gmt":"2017-06-29T08:04:07","slug":"innovar-en-movilidad-es-indispensable-para-construir-la-autentica-industria-4-0","status":"publish","type":"post","link":"https:\/\/observatoriomovilidad.es\/en\/innovar-en-movilidad-es-indispensable-para-construir-la-autentica-industria-4-0\/","title":{"rendered":"\u201cInnovar en Movilidad es indispensable  para construir la aut\u00e9ntica Industria 4.0\u201d"},"content":{"rendered":"<p><strong><img decoding=\"async\" src=\"images\/stories\/08_noticias\/2017_07\/1707_cluster_movilidad_euskadi.jpg\" width=\"180\" height=\"91\" alt=\"1707_cluster_movilidad_euskadi\" style=\"margin-right: 10px; float: left;\" \/><strong>El Cl\u00faster de Movilidad y Log\u00edstica de Euskadi cierra el ejercicio 2016 con 100 empresas, un 33% del PIB de Euskadi, 600 nuevos empleos y un porcentaje de inversi\u00f3n en I+D del 3,1%<\/strong>.<\/strong><\/p>\n<p><!--more--><\/p>\n<div style=\"text-align: justify;\">\n<p>El Cl\u00faster de Movilidad y Log\u00edstica de Euskadi celebr\u00f3 el pasado d\u00eda 19 de junio su Asamblea General que, con car\u00e1cter ordinario y extraordinario, ha aprobado los resultados del ejercicio del a\u00f1o anterior y ha nombrado a Luz P\u00e9rez nueva Presidenta en representaci\u00f3n del Grupo Uvesco. En el transcurso de la sesi\u00f3n, adem\u00e1s, se ha presentado el nuevo Plan Estrat\u00e9gico 2017-2020, marcado por un contexto global en el que cambios radicales en el concepto de movilidad van a suponer una revoluci\u00f3n tanto para las personas como para las mercanc\u00edas, la gesti\u00f3n empresarial y su adaptaci\u00f3n a la denominada Industria 4.0.<\/p>\n<p>El Cl\u00faster ha repasado las principales cifras del a\u00f1o 2016. Con un total de 100 empresas asociadas y casi 140.000 empleos (600 m\u00e1s que el a\u00f1o 2015), la agrupaci\u00f3n alcanza una facturaci\u00f3n de m\u00e1s de 22.887 millones de euros, lo que representa un 33% del PIB de Euskadi. Una cifra que se alcanza puesto que el Cl\u00faster agrupa una amplia representaci\u00f3n del tejido industrial vasco. No en vano, el Cl\u00faster de Movilidad y Log\u00edstica alcanza un 3,1% de inversi\u00f3n en I+D+i respecto a su facturaci\u00f3n, lo que lo sit\u00faa m\u00e1s de un 1% por encima de la media de inversi\u00f3n en Euskadi, y en l\u00ednea con pa\u00edses referentes en innovaci\u00f3n como Finlandia, Dinamarca o Suecia.<\/p>\n<p>En ese contexto de fortaleza sectorial, el <strong>Plan Estrat\u00e9gico 2017-2020 <\/strong>se afronta con la perspectiva de un entorno global en el que se esperan cambios que van a constituir una aut\u00e9ntica revoluci\u00f3n para la movilidad y una oportunidad sin precedentes para un sector esencialmente innovador. Los sistemas aut\u00f3nomos (sin conductor), cooperativos (inteligentes) y colaborativos (compartidos) van a favorecer un cambio radical en el que se espera que tanto personas como mercanc\u00edas se gestionen sin manipulaci\u00f3n humana. A ello van a contribuir tecnolog\u00edas como la rob\u00f3tica, sens\u00f3rica, Big Data o visi\u00f3n artificial, lo que sit\u00faa a los ITS en el centro de una nueva revoluci\u00f3n para la movilidad. Y todo ello, sin perder de vista su sostenibilidad econ\u00f3mica y medioambiental, su uso eficiente y responsable, y el cumplimiento de los objetivos europeos y del propio Gobierno Vasco, que ya prepara su nuevo Plan Director sectorial. Pero no s\u00f3lo se trata de tr\u00e1nsitos, \u201cInnovar en Movilidad es indispensable para construir la aut\u00e9ntica Industria 4.0\u201d, ha afirmado la nueva Presidenta del Cl\u00faster, Luz P\u00e9rez.<\/p>\n<p>El Cl\u00faster de Movilidad y Log\u00edstica ha cerrado su Asamblea General con perspectivas de mantener la senda de crecimiento en cuanto a facturaci\u00f3n, inversi\u00f3n en I+D+i y empleo, en un a\u00f1o en que sus exportaciones se han consolidado en las mismas cifras que el ejercicio anterior.<\/p>\n<p><a title=\"\u201cInnovar en Movilidad es indispensable  para construir la aut\u00e9ntica Industria 4.0\u201d\" target=\"_blank\" href=\"http:\/\/www.mlcluster.com\/2017\/innovar-en-movilidad-es-indispensable-para-construir-la-autentica-industria-4-0\/\" style=\"line-height: 1.6;\" rel=\"noopener\">Lea la noticia completa aqu\u00ed<\/a><\/p>\n<\/div>","protected":false},"excerpt":{"rendered":"<p>El Cl\u00faster de Movilidad y Log\u00edstica de Euskadi cierra el ejercicio 2016 con 100 empresas, un 33% del PIB de Euskadi, 600 nuevos empleos y un porcentaje de inversi\u00f3n en I+D del 3,1%.<\/p>","protected":false},"author":1,"featured_media":0,"comment_status":"open","ping_status":"open","sticky":false,"template":"","format":"standard","meta":{"site-sidebar-layout":"default","site-content-layout":"","ast-site-content-layout":"default","site-content-style":"default","site-sidebar-style":"default","ast-global-header-display":"","ast-banner-title-visibility":"","ast-main-header-display":"","ast-hfb-above-header-display":"","ast-hfb-below-header-display":"","ast-hfb-mobile-header-display":"","site-post-title":"","ast-breadcrumbs-content":"","ast-featured-img":"","footer-sml-layout":"","ast-disable-related-posts":"","theme-transparent-header-meta":"","adv-header-id-meta":"","stick-header-meta":"","header-above-stick-meta":"","header-main-stick-meta":"","header-below-stick-meta":"","astra-migrate-meta-layouts":"default","ast-page-background-enabled":"default","ast-page-background-meta":{"desktop":{"background-color":"","background-image":"","background-repeat":"repeat","background-position":"center center","background-size":"auto","background-attachment":"scroll","background-type":"","background-media":"","overlay-type":"","overlay-color":"","overlay-opacity":"","overlay-gradient":""},"tablet":{"background-color":"","background-image":"","background-repeat":"repeat","background-position":"center center","background-size":"auto","background-attachment":"scroll","background-type":"","background-media":"","overlay-type":"","overlay-color":"","overlay-opacity":"","overlay-gradient":""},"mobile":{"background-color":"","background-image":"","background-repeat":"repeat","background-position":"center center","background-size":"auto","background-attachment":"scroll","background-type":"","background-media":"","overlay-type":"","overlay-color":"","overlay-opacity":"","overlay-gradient":""}},"ast-content-background-meta":{"desktop":{"background-color":"var(--ast-global-color-5)","background-image":"","background-repeat":"repeat","background-position":"center center","background-size":"auto","background-attachment":"scroll","background-type":"","background-media":"","overlay-type":"","overlay-color":"","overlay-opacity":"","overlay-gradient":""},"tablet":{"background-color":"var(--ast-global-color-5)","background-image":"","background-repeat":"repeat","background-position":"center center","background-size":"auto","background-attachment":"scroll","background-type":"","background-media":"","overlay-type":"","overlay-color":"","overlay-opacity":"","overlay-gradient":""},"mobile":{"background-color":"var(--ast-global-color-5)","background-image":"","background-repeat":"repeat","background-position":"center center","background-size":"auto","background-attachment":"scroll","background-type":"","background-media":"","overlay-type":"","overlay-color":"","overlay-opacity":"","overlay-gradient":""}},"footnotes":"","_links_to":"","_links_to_target":""},"categories":[51],"tags":[],"class_list":["post-5563","post","type-post","status-publish","format-standard","hentry","category-noticias-noticias"],"_links":{"self":[{"href":"https:\/\/observatoriomovilidad.es\/en\/wp-json\/wp\/v2\/posts\/5563","targetHints":{"allow":["GET"]}}],"collection":[{"href":"https:\/\/observatoriomovilidad.es\/en\/wp-json\/wp\/v2\/posts"}],"about":[{"href":"https:\/\/observatoriomovilidad.es\/en\/wp-json\/wp\/v2\/types\/post"}],"author":[{"embeddable":true,"href":"https:\/\/observatoriomovilidad.es\/en\/wp-json\/wp\/v2\/users\/1"}],"replies":[{"embeddable":true,"href":"https:\/\/observatoriomovilidad.es\/en\/wp-json\/wp\/v2\/comments?post=5563"}],"version-history":[{"count":0,"href":"https:\/\/observatoriomovilidad.es\/en\/wp-json\/wp\/v2\/posts\/5563\/revisions"}],"wp:attachment":[{"href":"https:\/\/observatoriomovilidad.es\/en\/wp-json\/wp\/v2\/media?parent=5563"}],"wp:term":[{"taxonomy":"category","embeddable":true,"href":"https:\/\/observatoriomovilidad.es\/en\/wp-json\/wp\/v2\/categories?post=5563"},{"taxonomy":"post_tag","embeddable":true,"href":"https:\/\/observatoriomovilidad.es\/en\/wp-json\/wp\/v2\/tags?post=5563"}],"curies":[{"name":"wp","href":"https:\/\/api.w.org\/{rel}","templated":true}]}}