{"id":5564,"date":"2017-06-29T08:05:52","date_gmt":"2017-06-29T08:05:52","guid":{"rendered":"http:\/\/localhost\/atuc-propone-un-decalogo-de-medidas-para-mejorar-el-transporte-urbano\/"},"modified":"2017-06-29T08:05:52","modified_gmt":"2017-06-29T08:05:52","slug":"atuc-propone-un-decalogo-de-medidas-para-mejorar-el-transporte-urbano","status":"publish","type":"post","link":"https:\/\/observatoriomovilidad.es\/en\/atuc-propone-un-decalogo-de-medidas-para-mejorar-el-transporte-urbano\/","title":{"rendered":"ATUC propone un dec\u00e1logo de medidas para mejorar el transporte urbano"},"content":{"rendered":"<p><img decoding=\"async\" height=\"91\" width=\"180\" style=\"margin-right: 10px; float: left;\" alt=\"logotipo-atuc\" src=\"images\/stories\/08_noticias\/2017_07\/logotipo-atuc.jpg\" \/>La asociaci\u00f3n de transportes urbanos colectivos, ATUC, present\u00f3 el martes 13 de junio el Plan TP, un dec\u00e1logo de medidas para mejorar la movilidad urbana<\/p>\n<p><!--more--><\/p>\n<div style=\"text-align: justify;\">\n<p>No a la gratuidad, restricci\u00f3n al uso del coche limitando el espacio p\u00fablico para el mismo, ganarse a los usuarios para el transporte p\u00fablico, aumentar la inversi\u00f3n p\u00fablica, alianza de ciudades, integraci\u00f3n del transporte p\u00fablico como un \u00fanico sistema, lograr una ley de financiaci\u00f3n estatal, conseguir un IVA reducido del 4% y una financiaci\u00f3n de las grandes ciudades de forma equitativa. Son algunas de las medidas necesarias para mejorar la movilidad de nuestras ciudades, seg\u00fan comentaba el secretario general de ATUC, Jes\u00fas Herrero.<\/p>\n<p>En un momento en el que todas las administraciones se est\u00e1n replanteando la movilidad en las ciudades con medidas m\u00e1s o menos ambiciosas, la asociaci\u00f3n del transporte urbano colectivo (ATUC) quiere desmontar cualquier planteamiento que proponga la gratuidad del sistema, ya sea en episodios de alta contaminaci\u00f3n o como medida continuada en el tiempo. En su lugar, propone como alternativa un \u201cbillete gris\u201d de un d\u00eda de validez equivalente al coste diario de un abono mensual de transportes.<\/p>\n<p>El Plan TP hace hincapi\u00e9 en la necesidad de reordenar el espacio urbano, ya que en la actualidad est\u00e1 dedicado al coche en un 90% a pesar de que as\u00ed se mueve s\u00f3lo un 25%, lo que conlleva al mismo tiempo una reducci\u00f3n de los veh\u00edculos en circulaci\u00f3n. Para ello ATUC plantea como medidas el aumento de las zonas restringidas a la circulaci\u00f3n en veh\u00edculo privado en el centro de las ciudades, limit\u00e1ndose a residentes; o la ampliaci\u00f3n de carriles bus y bici, de espacios peatonales y de zonas de estacionamiento regulado.<\/p>\n<p>Sin embargo, toda medida restrictiva del veh\u00edculo privado debe ir acompa\u00f1ada de medidas que potencien el transporte p\u00fablico y que permita ganar adeptos. La clave est\u00e1 en la infraestructura del sistema para poder aumentar la frecuencia y la velocidad comercial, lo que requiere un aumento de la inversi\u00f3n p\u00fablica. En concreto, el Plan TP propone dirigir esa inversi\u00f3n a implantar sistemas de prioridad semaf\u00f3rica, desarrollar sistemas de transporte a demanda, aumentar el n\u00famero de plataformas reservadas al transporte p\u00fablico, etc.<\/p>\n<p>El Plan TP plantea adem\u00e1s una bater\u00eda de medidas pol\u00edticas, legales y fiscales para articular su puesta en marcha. La primera e inexcusable es una Ley de Financiaci\u00f3n Estatal del Transporte P\u00fablico como existe en el resto de pa\u00edses europeos que determine cu\u00e1nto sufraga el Estado, las CC.AA y los ayuntamientos, los criterios de reparto y a cinco a\u00f1os vista al menos. Esto permitir\u00eda a las partes implicadas actuar con previsibilidad y saber en qu\u00e9 y cu\u00e1nto pueden invertir. La ley tambi\u00e9n establecer\u00eda un protocolo para la financiaci\u00f3n de medidas sociales que impliquen subvenci\u00f3n al transporte.<\/p>\n<p>Asimismo, el Plan TP reclama que al transporte p\u00fablico se le considere bien de primera necesidad, y como tal tributar con el IVA superreducido (4%), y no con el actual reducido (10%).<\/p>\n<p><a style=\"line-height: 1.6;\" href=\"http:\/\/www.carrilbus.com\/noticias\/552_2_atuc_propone_un_decalogo_de_medidas_para_mejorar_el_transporte_urbano.php#sthash.GcRKh3nq.dpbs\" target=\"_blank\" title=\"ATUC propone un dec\u00e1logo de medidas para mejorar el transporte urbano\" rel=\"noopener\">Lea la noticia completa aqu\u00ed<\/a><\/p>\n<\/div>","protected":false},"excerpt":{"rendered":"<p>La asociaci\u00f3n de transportes urbanos colectivos, ATUC, present\u00f3 el martes 13 de junio el Plan TP, un dec\u00e1logo de medidas para mejorar la movilidad urbana<\/p>","protected":false},"author":1,"featured_media":0,"comment_status":"open","ping_status":"open","sticky":false,"template":"","format":"standard","meta":{"site-sidebar-layout":"default","site-content-layout":"","ast-site-content-layout":"default","site-content-style":"default","site-sidebar-style":"default","ast-global-header-display":"","ast-banner-title-visibility":"","ast-main-header-display":"","ast-hfb-above-header-display":"","ast-hfb-below-header-display":"","ast-hfb-mobile-header-display":"","site-post-title":"","ast-breadcrumbs-content":"","ast-featured-img":"","footer-sml-layout":"","ast-disable-related-posts":"","theme-transparent-header-meta":"","adv-header-id-meta":"","stick-header-meta":"","header-above-stick-meta":"","header-main-stick-meta":"","header-below-stick-meta":"","astra-migrate-meta-layouts":"default","ast-page-background-enabled":"default","ast-page-background-meta":{"desktop":{"background-color":"","background-image":"","background-repeat":"repeat","background-position":"center center","background-size":"auto","background-attachment":"scroll","background-type":"","background-media":"","overlay-type":"","overlay-color":"","overlay-opacity":"","overlay-gradient":""},"tablet":{"background-color":"","background-image":"","background-repeat":"repeat","background-position":"center center","background-size":"auto","background-attachment":"scroll","background-type":"","background-media":"","overlay-type":"","overlay-color":"","overlay-opacity":"","overlay-gradient":""},"mobile":{"background-color":"","background-image":"","background-repeat":"repeat","background-position":"center center","background-size":"auto","background-attachment":"scroll","background-type":"","background-media":"","overlay-type":"","overlay-color":"","overlay-opacity":"","overlay-gradient":""}},"ast-content-background-meta":{"desktop":{"background-color":"var(--ast-global-color-5)","background-image":"","background-repeat":"repeat","background-position":"center center","background-size":"auto","background-attachment":"scroll","background-type":"","background-media":"","overlay-type":"","overlay-color":"","overlay-opacity":"","overlay-gradient":""},"tablet":{"background-color":"var(--ast-global-color-5)","background-image":"","background-repeat":"repeat","background-position":"center center","background-size":"auto","background-attachment":"scroll","background-type":"","background-media":"","overlay-type":"","overlay-color":"","overlay-opacity":"","overlay-gradient":""},"mobile":{"background-color":"var(--ast-global-color-5)","background-image":"","background-repeat":"repeat","background-position":"center center","background-size":"auto","background-attachment":"scroll","background-type":"","background-media":"","overlay-type":"","overlay-color":"","overlay-opacity":"","overlay-gradient":""}},"footnotes":"","_links_to":"","_links_to_target":""},"categories":[51],"tags":[],"class_list":["post-5564","post","type-post","status-publish","format-standard","hentry","category-noticias-noticias"],"_links":{"self":[{"href":"https:\/\/observatoriomovilidad.es\/en\/wp-json\/wp\/v2\/posts\/5564","targetHints":{"allow":["GET"]}}],"collection":[{"href":"https:\/\/observatoriomovilidad.es\/en\/wp-json\/wp\/v2\/posts"}],"about":[{"href":"https:\/\/observatoriomovilidad.es\/en\/wp-json\/wp\/v2\/types\/post"}],"author":[{"embeddable":true,"href":"https:\/\/observatoriomovilidad.es\/en\/wp-json\/wp\/v2\/users\/1"}],"replies":[{"embeddable":true,"href":"https:\/\/observatoriomovilidad.es\/en\/wp-json\/wp\/v2\/comments?post=5564"}],"version-history":[{"count":0,"href":"https:\/\/observatoriomovilidad.es\/en\/wp-json\/wp\/v2\/posts\/5564\/revisions"}],"wp:attachment":[{"href":"https:\/\/observatoriomovilidad.es\/en\/wp-json\/wp\/v2\/media?parent=5564"}],"wp:term":[{"taxonomy":"category","embeddable":true,"href":"https:\/\/observatoriomovilidad.es\/en\/wp-json\/wp\/v2\/categories?post=5564"},{"taxonomy":"post_tag","embeddable":true,"href":"https:\/\/observatoriomovilidad.es\/en\/wp-json\/wp\/v2\/tags?post=5564"}],"curies":[{"name":"wp","href":"https:\/\/api.w.org\/{rel}","templated":true}]}}