{"id":5566,"date":"2017-06-29T08:28:09","date_gmt":"2017-06-29T08:28:09","guid":{"rendered":"http:\/\/localhost\/blank-2\/"},"modified":"2017-06-29T08:28:09","modified_gmt":"2017-06-29T08:28:09","slug":"blank-2","status":"publish","type":"post","link":"https:\/\/observatoriomovilidad.es\/en\/blank-2\/","title":{"rendered":"El I.D.A.E. impulsa las actuaciones y proyectos de eficiencia energ\u00e9tica y energ\u00edas renovables."},"content":{"rendered":"<p><img decoding=\"async\" height=\"91\" width=\"180\" style=\"margin-right: 10px; float: left;\" alt=\"logo_idae\" src=\"images\/stories\/08_noticias\/2017_07\/logo_idae.png\" \/>Dentro del Programa Operativo de Crecimiento Sostenible, se impulsan ayudas para actuaciones de cambio modal, de eficiencia energ\u00e9tica en el sector ferroviario y de econom\u00eda baja en carbono.<\/p>\n<p><!--more--><\/p>\n<div style=\"text-align: justify;\">\n<p>Para el periodo 2014-2020, el IDAE desarrolla labores de organismo intermedio para la gesti\u00f3n de Fondos FEDER dedicados a la econom\u00eda baja en carbono, dentro del Programa Operativo de Crecimiento Sostenible.<\/p>\n<p>Los or\u00edgenes de los recursos gestionados por el IDAE provienen, fundamentalmente,\u00c2\u00c2\u00a0 del Fondo Nacional de Eficiencia Energ\u00e9tica, Presupuestos Generales del Estado y de la financiaci\u00f3n propia del Instituto.<\/p>\n<p>Las principales ayudas disponibles son:<\/p>\n<p><strong>Segunda convocatoria del Programa de ayudas para actuaciones de cambio modal y uso m\u00e1s eficiente de los modos de transporte (FNEE). <\/strong><\/p>\n<p>Se subvencionar\u00e1n los planes de transporte sostenible al centro de trabajo, la gesti\u00f3n de flotas de transporte de mercanc\u00edas y viajeros por carretera y los cursos de conducci\u00f3n eficiente para conductores de veh\u00edculos industriales.<\/p>\n<p><a title=\"Segunda convocatoria del Programa de ayudas para actuaciones de cambio modal y uso m\u00e1s eficiente de los modos de transporte (FNEE)\" target=\"_blank\" href=\"http:\/\/www.idae.es\/ayudas-y-financiacion\/para-movilidad-y-vehiculos\/programa-de-ayudas-para-actuaciones-de-cambio-modal\" rel=\"noopener\">Consulte m\u00e1s informaci\u00f3n aqu\u00ed<\/a><\/p>\n<p><strong>Ampliaci\u00f3n del plazo de vigencia del programa de ayudas para actuaciones de eficiencia energ\u00e9tica en el sector ferroviario.<\/strong><\/p>\n<p>Las actuaciones deber\u00e1n encuadrarse en una de las tipolog\u00edas siguientes:<\/p>\n<ul>\n<li>Medida 1. Mejora de la eficiencia energ\u00e9tica mediante frenado regenerativo de trenes<\/li>\n<li>Medida 2. Estrategias de ahorro energ\u00e9tico en la operaci\u00f3n del tr\u00e1fico ferroviario<\/li>\n<li>Medida 3. Mejora de la eficiencia energ\u00e9tica en edificios ferroviarios existentes<\/li>\n<li>Medida 4. Mejora de la eficiencia energ\u00e9tica en alumbrado exterior y se\u00f1alizaci\u00f3n<\/li>\n<li>Medida 5. Mejora de la eficiencia energ\u00e9tica en instalaciones ferroviarias<\/li>\n<\/ul>\n<p>M\u00e1s informaci\u00f3n en:<\/p>\n<p><a title=\"Ampliaci\u00f3n del plazo de vigencia del programa de ayudas para actuaciones de eficiencia energ\u00e9tica en el sector ferroviario.\" target=\"_blank\" href=\"http:\/\/www.idae.es\/ayudas-y-financiacion\/para-movilidad-y-vehiculos\/programa-de-ayudas-para-actuaciones-de-eficiencia\" rel=\"noopener\">Consulte m\u00e1s informaci\u00f3n aqu\u00ed<\/a><\/p>\n<p><strong>Programa de Subvenciones a Proyectos Singulares de Entidades Locales que favorezcan el paso a una Econom\u00eda Baja en Carbono en el Marco del Programa Operativo FEDER de crecimiento sostenible 2014-2020. <\/strong><\/p>\n<p>Se subvencionar\u00e1 la implantaci\u00f3n de Planes de Movilidad Sostenible en Entidades Locales de menos de 20.000 habitantes (o agrupaciones de municipios cada uno de ellos de menos de 20.000 habitantes)<\/p>\n<p><a href=\"http:\/\/www.idae.es\/ayudas-y-financiacion\/para-proyectos-de-inversion-que-favorezcan-el-paso-una-economia-baja-en\" target=\"_blank\" title=\"Programa de Subvenciones a Proyectos Singulares de Entidades Locales que favorezcan el paso a una Econom\u00eda Baja en Carbono\" style=\"line-height: 1.6;\" rel=\"noopener\">Consulte m\u00e1s informaci\u00f3n aqu\u00ed<\/a><\/p>\n<\/div>","protected":false},"excerpt":{"rendered":"<p>Dentro del Programa Operativo de Crecimiento Sostenible, se impulsan ayudas para actuaciones de cambio modal, de eficiencia energ\u00e9tica en el sector ferroviario y de econom\u00eda baja en carbono.<\/p>","protected":false},"author":1,"featured_media":0,"comment_status":"open","ping_status":"open","sticky":false,"template":"","format":"standard","meta":{"site-sidebar-layout":"default","site-content-layout":"","ast-site-content-layout":"default","site-content-style":"default","site-sidebar-style":"default","ast-global-header-display":"","ast-banner-title-visibility":"","ast-main-header-display":"","ast-hfb-above-header-display":"","ast-hfb-below-header-display":"","ast-hfb-mobile-header-display":"","site-post-title":"","ast-breadcrumbs-content":"","ast-featured-img":"","footer-sml-layout":"","ast-disable-related-posts":"","theme-transparent-header-meta":"","adv-header-id-meta":"","stick-header-meta":"","header-above-stick-meta":"","header-main-stick-meta":"","header-below-stick-meta":"","astra-migrate-meta-layouts":"default","ast-page-background-enabled":"default","ast-page-background-meta":{"desktop":{"background-color":"","background-image":"","background-repeat":"repeat","background-position":"center center","background-size":"auto","background-attachment":"scroll","background-type":"","background-media":"","overlay-type":"","overlay-color":"","overlay-opacity":"","overlay-gradient":""},"tablet":{"background-color":"","background-image":"","background-repeat":"repeat","background-position":"center center","background-size":"auto","background-attachment":"scroll","background-type":"","background-media":"","overlay-type":"","overlay-color":"","overlay-opacity":"","overlay-gradient":""},"mobile":{"background-color":"","background-image":"","background-repeat":"repeat","background-position":"center center","background-size":"auto","background-attachment":"scroll","background-type":"","background-media":"","overlay-type":"","overlay-color":"","overlay-opacity":"","overlay-gradient":""}},"ast-content-background-meta":{"desktop":{"background-color":"var(--ast-global-color-5)","background-image":"","background-repeat":"repeat","background-position":"center center","background-size":"auto","background-attachment":"scroll","background-type":"","background-media":"","overlay-type":"","overlay-color":"","overlay-opacity":"","overlay-gradient":""},"tablet":{"background-color":"var(--ast-global-color-5)","background-image":"","background-repeat":"repeat","background-position":"center center","background-size":"auto","background-attachment":"scroll","background-type":"","background-media":"","overlay-type":"","overlay-color":"","overlay-opacity":"","overlay-gradient":""},"mobile":{"background-color":"var(--ast-global-color-5)","background-image":"","background-repeat":"repeat","background-position":"center center","background-size":"auto","background-attachment":"scroll","background-type":"","background-media":"","overlay-type":"","overlay-color":"","overlay-opacity":"","overlay-gradient":""}},"footnotes":"","_links_to":"","_links_to_target":""},"categories":[51],"tags":[],"class_list":["post-5566","post","type-post","status-publish","format-standard","hentry","category-noticias-noticias"],"_links":{"self":[{"href":"https:\/\/observatoriomovilidad.es\/en\/wp-json\/wp\/v2\/posts\/5566","targetHints":{"allow":["GET"]}}],"collection":[{"href":"https:\/\/observatoriomovilidad.es\/en\/wp-json\/wp\/v2\/posts"}],"about":[{"href":"https:\/\/observatoriomovilidad.es\/en\/wp-json\/wp\/v2\/types\/post"}],"author":[{"embeddable":true,"href":"https:\/\/observatoriomovilidad.es\/en\/wp-json\/wp\/v2\/users\/1"}],"replies":[{"embeddable":true,"href":"https:\/\/observatoriomovilidad.es\/en\/wp-json\/wp\/v2\/comments?post=5566"}],"version-history":[{"count":0,"href":"https:\/\/observatoriomovilidad.es\/en\/wp-json\/wp\/v2\/posts\/5566\/revisions"}],"wp:attachment":[{"href":"https:\/\/observatoriomovilidad.es\/en\/wp-json\/wp\/v2\/media?parent=5566"}],"wp:term":[{"taxonomy":"category","embeddable":true,"href":"https:\/\/observatoriomovilidad.es\/en\/wp-json\/wp\/v2\/categories?post=5566"},{"taxonomy":"post_tag","embeddable":true,"href":"https:\/\/observatoriomovilidad.es\/en\/wp-json\/wp\/v2\/tags?post=5566"}],"curies":[{"name":"wp","href":"https:\/\/api.w.org\/{rel}","templated":true}]}}