{"id":5568,"date":"2017-06-29T08:37:55","date_gmt":"2017-06-29T08:37:55","guid":{"rendered":"http:\/\/localhost\/fgv-supera-los-1-400-millones-de-viajeros-en-sus-30-anos-en-servicio-en-valencia-y-alicante\/"},"modified":"2017-06-29T08:37:55","modified_gmt":"2017-06-29T08:37:55","slug":"fgv-supera-los-1-400-millones-de-viajeros-en-sus-30-anos-en-servicio-en-valencia-y-alicante","status":"publish","type":"post","link":"https:\/\/observatoriomovilidad.es\/en\/fgv-supera-los-1-400-millones-de-viajeros-en-sus-30-anos-en-servicio-en-valencia-y-alicante\/","title":{"rendered":"FGV supera los 1.400 millones de viajeros en sus 30 a\u00f1os en servicio en Valencia y Alicante"},"content":{"rendered":"<p><strong><img decoding=\"async\" height=\"91\" width=\"180\" style=\"margin-right: 10px; float: left;\" alt=\"1707_foto_tram\" src=\"images\/stories\/08_noticias\/2017_07\/1707_foto_tram.png\" \/><\/strong><\/p>\n<p>La cifra se ha superado despu\u00e9s de m\u00e1s de 11.000 d\u00edas en servicio y m\u00e1s de 220 millones de kil\u00f3metros recorridos<span style=\"font-weight: bold;\">.<\/span><\/p>\n<p><!--more--><\/p>\n<div style=\"text-align: justify;\">\n<p>Ferrocarrils de la Generalitat Valenciana (FGV) ha superado en mayo los 1.400 millones de viajeros transportados en sus actuales explotaciones de Metrovalencia y TRAM d&#8217;Alacant. Este registro se ha alcanzado en el a\u00f1o que la empresa cumple su 30 aniversario.<\/p>\n<p>El 1 de enero de 1987 FGV comenz\u00f3 a gestionar la explotaci\u00f3n de los servicios ferroviarios transferidos por parte de FEVE como organizaci\u00f3n aut\u00f3noma e independiente, lo que supuso por parte de la Generalitat Valenciana el inicio del proceso de recuperaci\u00f3n del transporte p\u00fablico como elemento clave en el proceso de desarrollo metropolitano y auton\u00f3mico.<\/p>\n<p>FGV ha alcanzado esta cifra de viajeros despu\u00e9s de prestar servicio durante m\u00e1s de 11.000 d\u00edas y recorrer m\u00e1s de 220 millones de kil\u00f3metros en sus dos explotaciones.<\/p>\n<p>De los m\u00e1s de 1.400 millones de viajeros transportados, cerca de 1.300 millones corresponden a la red de Valencia y su \u00e1rea metropolitana, y m\u00e1s de 100 millones al TRAM d&#8217;Alacant. Las ampliaciones de la red han permitido que la evoluci\u00f3n anual de viajeros haya crecido de manera constante, pasando de los 1,4 millones de viajeros alcanzados en 1987 a los m\u00e1s de 73 millones de usuarios registrados en 2016.<\/p>\n<p>El crecimiento de viajeros ha ido acompa\u00f1ado de la ampliaci\u00f3n de la red que en 1987 contaba con 209,7 kil\u00f3metros, y actualmente suma 267 kil\u00f3metros, de los cuales 156,3 corresponden a Metrovalencia y 110,7 kil\u00f3metros al TRAM d&#8217;Alacant, pasando de 6 l\u00edneas hace 30 a\u00f1os (5 en Valencia y 1 en Alicante) a las 14 actuales (9 en Valencia y 5 en Alicante).<\/p>\n<p>En estos 30 a\u00f1os FGV ha consolidado una red de metro y tranv\u00eda que da servicio a Valencia y m\u00e1s de 30 municipios de su \u00e1rea metropolitana, con 137 estaciones y paradas. En Alicante la modernizaci\u00f3n de la l\u00ednea que un\u00eda Alicante y D\u00e9nia ha permitido implantar una moderna red tranviaria, electrificada hasta Benidorm y que est\u00e1 en pleno proceso de modernizaci\u00f3n en su parte norte como parte de la pol\u00edtica de promoci\u00f3n del transporte p\u00fablico de la Conseller\u00eda de Vivienda, Obras P\u00fablicas y Vertebraci\u00f3n del Territorio, que dirige Mar\u00eda Jos\u00e9 Salvador.<\/p>\n<p><a style=\"line-height: 1.6;\" href=\"http:\/\/www.gva.es\/es\/inicio\/area_de_prensa\/not_detalle_area_prensa;jsessionid=t1hFZLhcR72vK5Grq0Jh1T7PnLCnQ9mGC0rSv8prPlGdtFX4qJcy!558429251!1497948476021?id=710817\" target=\"_blank\" title=\"FGV supera los 1.400 millones de viajeros en sus 30 a\u00f1os en servicio en Valencia y Alicante\" rel=\"noopener\">Lea la noticia completa aqu\u00ed<\/a><\/p>\n<\/div>","protected":false},"excerpt":{"rendered":"<p>La cifra se ha superado despu\u00e9s de m\u00e1s de 11.000 d\u00edas en servicio y m\u00e1s de 220 millones de kil\u00f3metros recorridos.<\/p>","protected":false},"author":1,"featured_media":0,"comment_status":"open","ping_status":"open","sticky":false,"template":"","format":"standard","meta":{"site-sidebar-layout":"default","site-content-layout":"","ast-site-content-layout":"default","site-content-style":"default","site-sidebar-style":"default","ast-global-header-display":"","ast-banner-title-visibility":"","ast-main-header-display":"","ast-hfb-above-header-display":"","ast-hfb-below-header-display":"","ast-hfb-mobile-header-display":"","site-post-title":"","ast-breadcrumbs-content":"","ast-featured-img":"","footer-sml-layout":"","ast-disable-related-posts":"","theme-transparent-header-meta":"","adv-header-id-meta":"","stick-header-meta":"","header-above-stick-meta":"","header-main-stick-meta":"","header-below-stick-meta":"","astra-migrate-meta-layouts":"default","ast-page-background-enabled":"default","ast-page-background-meta":{"desktop":{"background-color":"","background-image":"","background-repeat":"repeat","background-position":"center center","background-size":"auto","background-attachment":"scroll","background-type":"","background-media":"","overlay-type":"","overlay-color":"","overlay-opacity":"","overlay-gradient":""},"tablet":{"background-color":"","background-image":"","background-repeat":"repeat","background-position":"center center","background-size":"auto","background-attachment":"scroll","background-type":"","background-media":"","overlay-type":"","overlay-color":"","overlay-opacity":"","overlay-gradient":""},"mobile":{"background-color":"","background-image":"","background-repeat":"repeat","background-position":"center center","background-size":"auto","background-attachment":"scroll","background-type":"","background-media":"","overlay-type":"","overlay-color":"","overlay-opacity":"","overlay-gradient":""}},"ast-content-background-meta":{"desktop":{"background-color":"var(--ast-global-color-5)","background-image":"","background-repeat":"repeat","background-position":"center center","background-size":"auto","background-attachment":"scroll","background-type":"","background-media":"","overlay-type":"","overlay-color":"","overlay-opacity":"","overlay-gradient":""},"tablet":{"background-color":"var(--ast-global-color-5)","background-image":"","background-repeat":"repeat","background-position":"center center","background-size":"auto","background-attachment":"scroll","background-type":"","background-media":"","overlay-type":"","overlay-color":"","overlay-opacity":"","overlay-gradient":""},"mobile":{"background-color":"var(--ast-global-color-5)","background-image":"","background-repeat":"repeat","background-position":"center center","background-size":"auto","background-attachment":"scroll","background-type":"","background-media":"","overlay-type":"","overlay-color":"","overlay-opacity":"","overlay-gradient":""}},"footnotes":"","_links_to":"","_links_to_target":""},"categories":[51],"tags":[],"class_list":["post-5568","post","type-post","status-publish","format-standard","hentry","category-noticias-noticias"],"_links":{"self":[{"href":"https:\/\/observatoriomovilidad.es\/en\/wp-json\/wp\/v2\/posts\/5568","targetHints":{"allow":["GET"]}}],"collection":[{"href":"https:\/\/observatoriomovilidad.es\/en\/wp-json\/wp\/v2\/posts"}],"about":[{"href":"https:\/\/observatoriomovilidad.es\/en\/wp-json\/wp\/v2\/types\/post"}],"author":[{"embeddable":true,"href":"https:\/\/observatoriomovilidad.es\/en\/wp-json\/wp\/v2\/users\/1"}],"replies":[{"embeddable":true,"href":"https:\/\/observatoriomovilidad.es\/en\/wp-json\/wp\/v2\/comments?post=5568"}],"version-history":[{"count":0,"href":"https:\/\/observatoriomovilidad.es\/en\/wp-json\/wp\/v2\/posts\/5568\/revisions"}],"wp:attachment":[{"href":"https:\/\/observatoriomovilidad.es\/en\/wp-json\/wp\/v2\/media?parent=5568"}],"wp:term":[{"taxonomy":"category","embeddable":true,"href":"https:\/\/observatoriomovilidad.es\/en\/wp-json\/wp\/v2\/categories?post=5568"},{"taxonomy":"post_tag","embeddable":true,"href":"https:\/\/observatoriomovilidad.es\/en\/wp-json\/wp\/v2\/tags?post=5568"}],"curies":[{"name":"wp","href":"https:\/\/api.w.org\/{rel}","templated":true}]}}