{"id":5570,"date":"2017-07-18T07:29:08","date_gmt":"2017-07-18T07:29:08","guid":{"rendered":"http:\/\/localhost\/el-coche-pierde-espacio-en-la-meridiana-en-favor-del-bus\/"},"modified":"2017-07-18T07:29:08","modified_gmt":"2017-07-18T07:29:08","slug":"el-coche-pierde-espacio-en-la-meridiana-en-favor-del-bus","status":"publish","type":"post","link":"https:\/\/observatoriomovilidad.es\/en\/el-coche-pierde-espacio-en-la-meridiana-en-favor-del-bus\/","title":{"rendered":"El coche pierde espacio en la Meridiana en favor del bus"},"content":{"rendered":"<p><img decoding=\"async\" src=\"images\/stories\/08_noticias\/2017_07\/noticia_20170717_meridiana_bcn.jpg\" width=\"180\" height=\"91\" alt=\"noticia_20170717_meridiana_bcn\" style=\"margin-right: 10px; float: left;\" \/>El Ayuntamiento de Barcelona estrechar\u00e1 los viales para colocar dos carriles bus que conecten con la v\u00eda VAO del Vall\u00e8s.<\/p>\n<p><!--more--><\/p>\n<div style=\"text-align: justify;\">\n<p>El equipo de gobierno de Ada Colau ha decidido estrechar los carriles de la avenida Meridiana para colocar, con calzador, en el centro de la \u201cautopista urbana\u201d un carril bus de entrada y, en el lateral, otro de salida. Los dos nuevos carriles enlazar\u00e1n directamente con el vial para veh\u00edculos de alta ocupaci\u00f3n (VAO) de la C-58 que une la capital catalana con la zona del Vall\u00e8s. El proyecto permitir\u00e1 que las 38 l\u00edneas de autobuses que enlazan Barcelona con las comarcas del norte eviten colapsos circulatorios.<\/p>\n<p>El equipo de gobierno quiere que la Meridiana deje de ser una \u201cautopista urbana\u201d y transformarla en una v\u00eda m\u00e1s \u201camable, humana y pacificada\u201d. Por ese motivo, la teniente de alcalde de Urbanismo, Janet Sanz, anunci\u00f3 ayer que en septiembre la mesa de participaci\u00f3n de la Meridiana \u2014integrada por asociaciones de vecinos de Sant Mart\u00ed, Sant Andreu y Nou Barris\u2014 decidir\u00e1 cual de las cuatro propuestas es la elegida para reurbanizar la v\u00eda entre la calle Arag\u00f3n y el paseo de Fabra i Puig.<\/p>\n<p>Pero la transformaci\u00f3n m\u00e1s inminente, que se realizar\u00e1 este mismo verano, la present\u00f3 ayer la concejal de movilidad, Mercedes Vidal. La regidora anunci\u00f3 el inminente estrechamiento de los carriles que se expanden entre la avenida R\u00edo de Janeiro, justo donde finaliza el VAO, hasta el paseo de Fabra i Puig.<\/p>\n<p>El Ayuntamiento extiende as\u00ed una alfombra roja a las 38 l\u00edneas de autobuses interurbanos que acceden y salen de la ciudad por la Meridiana para que puedan utilizar los nuevos carriles sin necesidad de detenerse en las paradas de las l\u00edneas convencionales. Ser\u00e1 el pr\u00f3ximo mes de agosto cuando comiencen a pavimentar y repintar los carriles de circulaci\u00f3n para alargar hasta Fabra i Puig el carril bus, procedente del VAO, que actualmente finaliza en la avenida R\u00edo de Janeiro. \u201cEstrecharemos estos carriles, que tienen una anchura propia de una autopista, y los transformaremos en un ancho urbano\u201d, defendi\u00f3 Vidal. Ahora, en ese tramo, hay un carril bus y tres carriles est\u00e1ndar de entrada y tres de salida. Tras repintar los viales habr\u00e1 dos carriles bus y tres carriles est\u00e1ndar de entrada y un carril bus y tres carriles est\u00e1ndar de salida.<\/p>\n<p><a title=\"El coche pierde espacio en la Meridiana en favor del bus  El coche pierde espacio en la Meridiana en favor del bus\" target=\"_blank\" href=\"https:\/\/elpais.com\/ccaa\/2017\/07\/04\/catalunya\/1499197532_269580.html  https:\/\/elpais.com\/ccaa\/2017\/07\/04\/catalunya\/1499197532_269580.html\" style=\"line-height: 1.6;\" rel=\"noopener\">Lea la noticia completa aqu\u00ed<\/a><\/p>\n<\/div>","protected":false},"excerpt":{"rendered":"<p>El Ayuntamiento de Barcelona estrechar\u00e1 los viales para colocar dos carriles bus que conecten con la v\u00eda VAO del Vall\u00e8s.<\/p>","protected":false},"author":1,"featured_media":0,"comment_status":"open","ping_status":"open","sticky":false,"template":"","format":"standard","meta":{"site-sidebar-layout":"default","site-content-layout":"","ast-site-content-layout":"default","site-content-style":"default","site-sidebar-style":"default","ast-global-header-display":"","ast-banner-title-visibility":"","ast-main-header-display":"","ast-hfb-above-header-display":"","ast-hfb-below-header-display":"","ast-hfb-mobile-header-display":"","site-post-title":"","ast-breadcrumbs-content":"","ast-featured-img":"","footer-sml-layout":"","ast-disable-related-posts":"","theme-transparent-header-meta":"","adv-header-id-meta":"","stick-header-meta":"","header-above-stick-meta":"","header-main-stick-meta":"","header-below-stick-meta":"","astra-migrate-meta-layouts":"default","ast-page-background-enabled":"default","ast-page-background-meta":{"desktop":{"background-color":"","background-image":"","background-repeat":"repeat","background-position":"center center","background-size":"auto","background-attachment":"scroll","background-type":"","background-media":"","overlay-type":"","overlay-color":"","overlay-opacity":"","overlay-gradient":""},"tablet":{"background-color":"","background-image":"","background-repeat":"repeat","background-position":"center center","background-size":"auto","background-attachment":"scroll","background-type":"","background-media":"","overlay-type":"","overlay-color":"","overlay-opacity":"","overlay-gradient":""},"mobile":{"background-color":"","background-image":"","background-repeat":"repeat","background-position":"center center","background-size":"auto","background-attachment":"scroll","background-type":"","background-media":"","overlay-type":"","overlay-color":"","overlay-opacity":"","overlay-gradient":""}},"ast-content-background-meta":{"desktop":{"background-color":"var(--ast-global-color-5)","background-image":"","background-repeat":"repeat","background-position":"center center","background-size":"auto","background-attachment":"scroll","background-type":"","background-media":"","overlay-type":"","overlay-color":"","overlay-opacity":"","overlay-gradient":""},"tablet":{"background-color":"var(--ast-global-color-5)","background-image":"","background-repeat":"repeat","background-position":"center center","background-size":"auto","background-attachment":"scroll","background-type":"","background-media":"","overlay-type":"","overlay-color":"","overlay-opacity":"","overlay-gradient":""},"mobile":{"background-color":"var(--ast-global-color-5)","background-image":"","background-repeat":"repeat","background-position":"center center","background-size":"auto","background-attachment":"scroll","background-type":"","background-media":"","overlay-type":"","overlay-color":"","overlay-opacity":"","overlay-gradient":""}},"footnotes":"","_links_to":"","_links_to_target":""},"categories":[51],"tags":[],"class_list":["post-5570","post","type-post","status-publish","format-standard","hentry","category-noticias-noticias"],"_links":{"self":[{"href":"https:\/\/observatoriomovilidad.es\/en\/wp-json\/wp\/v2\/posts\/5570","targetHints":{"allow":["GET"]}}],"collection":[{"href":"https:\/\/observatoriomovilidad.es\/en\/wp-json\/wp\/v2\/posts"}],"about":[{"href":"https:\/\/observatoriomovilidad.es\/en\/wp-json\/wp\/v2\/types\/post"}],"author":[{"embeddable":true,"href":"https:\/\/observatoriomovilidad.es\/en\/wp-json\/wp\/v2\/users\/1"}],"replies":[{"embeddable":true,"href":"https:\/\/observatoriomovilidad.es\/en\/wp-json\/wp\/v2\/comments?post=5570"}],"version-history":[{"count":0,"href":"https:\/\/observatoriomovilidad.es\/en\/wp-json\/wp\/v2\/posts\/5570\/revisions"}],"wp:attachment":[{"href":"https:\/\/observatoriomovilidad.es\/en\/wp-json\/wp\/v2\/media?parent=5570"}],"wp:term":[{"taxonomy":"category","embeddable":true,"href":"https:\/\/observatoriomovilidad.es\/en\/wp-json\/wp\/v2\/categories?post=5570"},{"taxonomy":"post_tag","embeddable":true,"href":"https:\/\/observatoriomovilidad.es\/en\/wp-json\/wp\/v2\/tags?post=5570"}],"curies":[{"name":"wp","href":"https:\/\/api.w.org\/{rel}","templated":true}]}}