{"id":5571,"date":"2017-07-18T07:48:56","date_gmt":"2017-07-18T07:48:56","guid":{"rendered":"http:\/\/localhost\/echa-a-andar-la-autoridad-que-unificara-las-tarifas-del-transporte-metropolitano-de-valencia\/"},"modified":"2017-07-18T07:48:56","modified_gmt":"2017-07-18T07:48:56","slug":"echa-a-andar-la-autoridad-que-unificara-las-tarifas-del-transporte-metropolitano-de-valencia","status":"publish","type":"post","link":"https:\/\/observatoriomovilidad.es\/en\/echa-a-andar-la-autoridad-que-unificara-las-tarifas-del-transporte-metropolitano-de-valencia\/","title":{"rendered":"Echa a andar la Autoridad que unificar\u00e1 las tarifas del transporte metropolitano de Valencia"},"content":{"rendered":"<p><img decoding=\"async\" src=\"images\/stories\/08_noticias\/2017_07\/noticia_20170717_atm_valencia.jpg\" width=\"180\" height=\"91\" alt=\"noticia_20170717_atm_valencia\" style=\"margin-right: 10px; float: left;\" \/>La Conselleria de Vertebraci\u00f3n invitar\u00e1 a Renfe a que se sume a la Autoridad de Transporte Metropolitano de Valencia para sumar a Cercan\u00edas en la integraci\u00f3n de t\u00edtulos.<\/p>\n<p><!--more--><\/p>\n<div style=\"text-align: justify;\">\n<p>Un \u00fanico bono para poder viajar en metro, tranv\u00eda, autob\u00fas urbano de la EMT, metropolitano de Metrob\u00fas y hasta en los Cercan\u00edas de Renfe. Este es uno de los principales objetivos que persigue la Autoridad de Transporte Metropolitano de Valencia que, tras <a href=\"http:\/\/valenciaplaza.com\/la-generalitat-aprueba-el-reglamento-de-la-autoridad-de-transporte-metropolitano-de-valencia\">la aprobaci\u00f3n de su reglamento de funcionamiento<\/a>, ha dado un paso m\u00e1s para su puesta en marcha efectiva.<\/p>\n<p>En este sentido, la consellera de Vertebraci\u00f3n, Mar\u00eda Jos\u00e9 Salvador, se ha reunido con los miembros de la Comisi\u00f3n Institucional de la Autoridad (alcaldes del \u00e1rea metropolitana, representantes de la Federaci\u00f3n Valenciana de Municipios, de la EMT y el Director General de Transportes) para aprobar el convenio por el que los 60 municipios del cintur\u00f3n de Valencia podr\u00e1n adherirse a la Autoridad.<<\/p>\n<p>\u00abLa idea es que estas localidades aprueben su adhesi\u00f3n en el pleno de julio, por lo que despu\u00e9s de verano esperamos que se pueda nombrar el Consejo de Administraci\u00f3n de la Autoridad para que pueda empezar a funcionar de forma efectiva\u00bb.<\/p>\n<p>Salvador ha explicado que la Generalitat tiene un presupuesto de 100.000 euros para el funcionamiento administrativo de la entidad, mientras que en 2018 ser\u00e1 de 800.000 euros. La Consellera no ha podido garantizar que la integraci\u00f3n tarifaria del transporte p\u00fablico pueda ser una realidad de cara al a\u00f1o que viene, ya que esta medida \u00abimplica muchas variables econ\u00f3micas y por supuesto financiaci\u00f3n\u00bb. Por este motivo, ha comentado que ser\u00e1 clave que el Gobierno de Espa\u00f1a, de una vez por todas, incluya en sus presupuestos de 2018 la tan demandada subvenci\u00f3n de 38 millones que le corresponder\u00eda al \u00e1rea metropolitana de Valencia en funci\u00f3n de su poblaci\u00f3n y viajeros.<\/p>\n<p>La consellera ha a\u00f1adido que invitar\u00e1n formalmente a Renfe para que se integre en la Autoridad, por la importancia de la red de Cercan\u00edas en el \u00e1rea metropolitana: \u00abEsperemos que se sume, nos consta que hay buena predisposici\u00f3n\u00bb, ha afirmado.<\/p>\n<p>Adem\u00e1s de la integraci\u00f3n y gesti\u00f3n tarifaria, la Autoridad planificar\u00e1 las diferentes infraestructuras, redes y servicios de transporte de viajeros, los puntos de atenci\u00f3n e informaci\u00f3n al usuario de todos los operadores de transporte y redactar\u00e1 planes de movilidad, entre otras atribuciones.<\/p>\n<p><a title=\"Echa a andar la Autoridad que unificar\u00e1 las tarifas del transporte metropolitano de Valencia\" target=\"_blank\" href=\"http:\/\/www.eldiario.es\/cv\/Echa-Autoridad-transporte-metropolitano-Valencia_0_659684520.html\" style=\"line-height: 1.6;\" rel=\"noopener\">Lea la noticia completa aqu\u00ed<\/a><\/p>\n<\/div>","protected":false},"excerpt":{"rendered":"<p>La Conselleria de Vertebraci\u00f3n invitar\u00e1 a Renfe a que se sume a la Autoridad de Transporte Metropolitano de Valencia para sumar a Cercan\u00edas en la integraci\u00f3n de t\u00edtulos.<\/p>","protected":false},"author":1,"featured_media":0,"comment_status":"open","ping_status":"open","sticky":false,"template":"","format":"standard","meta":{"site-sidebar-layout":"default","site-content-layout":"","ast-site-content-layout":"default","site-content-style":"default","site-sidebar-style":"default","ast-global-header-display":"","ast-banner-title-visibility":"","ast-main-header-display":"","ast-hfb-above-header-display":"","ast-hfb-below-header-display":"","ast-hfb-mobile-header-display":"","site-post-title":"","ast-breadcrumbs-content":"","ast-featured-img":"","footer-sml-layout":"","ast-disable-related-posts":"","theme-transparent-header-meta":"","adv-header-id-meta":"","stick-header-meta":"","header-above-stick-meta":"","header-main-stick-meta":"","header-below-stick-meta":"","astra-migrate-meta-layouts":"default","ast-page-background-enabled":"default","ast-page-background-meta":{"desktop":{"background-color":"","background-image":"","background-repeat":"repeat","background-position":"center center","background-size":"auto","background-attachment":"scroll","background-type":"","background-media":"","overlay-type":"","overlay-color":"","overlay-opacity":"","overlay-gradient":""},"tablet":{"background-color":"","background-image":"","background-repeat":"repeat","background-position":"center center","background-size":"auto","background-attachment":"scroll","background-type":"","background-media":"","overlay-type":"","overlay-color":"","overlay-opacity":"","overlay-gradient":""},"mobile":{"background-color":"","background-image":"","background-repeat":"repeat","background-position":"center center","background-size":"auto","background-attachment":"scroll","background-type":"","background-media":"","overlay-type":"","overlay-color":"","overlay-opacity":"","overlay-gradient":""}},"ast-content-background-meta":{"desktop":{"background-color":"var(--ast-global-color-5)","background-image":"","background-repeat":"repeat","background-position":"center center","background-size":"auto","background-attachment":"scroll","background-type":"","background-media":"","overlay-type":"","overlay-color":"","overlay-opacity":"","overlay-gradient":""},"tablet":{"background-color":"var(--ast-global-color-5)","background-image":"","background-repeat":"repeat","background-position":"center center","background-size":"auto","background-attachment":"scroll","background-type":"","background-media":"","overlay-type":"","overlay-color":"","overlay-opacity":"","overlay-gradient":""},"mobile":{"background-color":"var(--ast-global-color-5)","background-image":"","background-repeat":"repeat","background-position":"center center","background-size":"auto","background-attachment":"scroll","background-type":"","background-media":"","overlay-type":"","overlay-color":"","overlay-opacity":"","overlay-gradient":""}},"footnotes":"","_links_to":"","_links_to_target":""},"categories":[51],"tags":[],"class_list":["post-5571","post","type-post","status-publish","format-standard","hentry","category-noticias-noticias"],"_links":{"self":[{"href":"https:\/\/observatoriomovilidad.es\/en\/wp-json\/wp\/v2\/posts\/5571","targetHints":{"allow":["GET"]}}],"collection":[{"href":"https:\/\/observatoriomovilidad.es\/en\/wp-json\/wp\/v2\/posts"}],"about":[{"href":"https:\/\/observatoriomovilidad.es\/en\/wp-json\/wp\/v2\/types\/post"}],"author":[{"embeddable":true,"href":"https:\/\/observatoriomovilidad.es\/en\/wp-json\/wp\/v2\/users\/1"}],"replies":[{"embeddable":true,"href":"https:\/\/observatoriomovilidad.es\/en\/wp-json\/wp\/v2\/comments?post=5571"}],"version-history":[{"count":0,"href":"https:\/\/observatoriomovilidad.es\/en\/wp-json\/wp\/v2\/posts\/5571\/revisions"}],"wp:attachment":[{"href":"https:\/\/observatoriomovilidad.es\/en\/wp-json\/wp\/v2\/media?parent=5571"}],"wp:term":[{"taxonomy":"category","embeddable":true,"href":"https:\/\/observatoriomovilidad.es\/en\/wp-json\/wp\/v2\/categories?post=5571"},{"taxonomy":"post_tag","embeddable":true,"href":"https:\/\/observatoriomovilidad.es\/en\/wp-json\/wp\/v2\/tags?post=5571"}],"curies":[{"name":"wp","href":"https:\/\/api.w.org\/{rel}","templated":true}]}}