{"id":5572,"date":"2017-07-18T07:54:37","date_gmt":"2017-07-18T07:54:37","guid":{"rendered":"http:\/\/localhost\/el-21-de-septiembre-se-celebra-en-las-palmas-de-gran-canaria-el-congreso-de-la-revista-carril-bus-bajo-el-lema-el-futuro-de-la-movilidad\/"},"modified":"2017-07-18T07:54:37","modified_gmt":"2017-07-18T07:54:37","slug":"el-21-de-septiembre-se-celebra-en-las-palmas-de-gran-canaria-el-congreso-de-la-revista-carril-bus-bajo-el-lema-el-futuro-de-la-movilidad","status":"publish","type":"post","link":"https:\/\/observatoriomovilidad.es\/en\/el-21-de-septiembre-se-celebra-en-las-palmas-de-gran-canaria-el-congreso-de-la-revista-carril-bus-bajo-el-lema-el-futuro-de-la-movilidad\/","title":{"rendered":"El 21 de septiembre se celebra en Las Palmas de Gran Canaria el Congreso de la revista Carril Bus bajo el lema \u201cEl futuro de la movilidad\u201d."},"content":{"rendered":"<p><img decoding=\"async\" style=\"margin-right: 10px; float: left;\" alt=\"noticia_20170717_congreso_carrilbus\" height=\"91\" width=\"180\" src=\"images\/stories\/08_noticias\/2017_07\/noticia_20170717_congreso_carrilbus.jpg\" \/>La revista Carril Bus organiza este congreso en colaboraci\u00f3n con la Federaci\u00f3n de Empresarios de Transportes de Canarias.<\/p>\n<p><!--more--><\/p>\n<div style=\"text-align: justify;\">\n<p>El pr\u00f3ximo 21 de septiembre, la revista Carril Bus, en colaboraci\u00f3n estrecha con la FET (Federaci\u00f3n de Empresarios de Transportes) de Canarias, organiza un congreso que abordar\u00e1 la situaci\u00f3n y el futuro del transporte de viajeros en las Islas Canarias.<\/p>\n<p>Se trata de una comunidad en la que operan unas 300 empresas. Adem\u00e1s, unos 5.600 autobuses dan servicio de transporte a la poblaci\u00f3n canaria en sus diferentes islas. Dentro de esta autonom\u00eda destacan, por la aglutinaci\u00f3n de empresas y su tama\u00f1o, las islas de Gran Canaria y Tenerife.<\/p>\n<p>Para los empresarios canarios hay temas preocupantes como el pirateo y la competencia desleal. Se da la picaresca de la coexistencia de empresas piratas con las legalizadas, realizando las primeras todo tipo de transporte, tanto discrecional como urbano.<\/p>\n<p>Adem\u00e1s, los empresarios canarios esperan conocer en breve su nueva Ley de Transportes. El sector del transporte de pasajeros en Canarias se enfrenta a proyectos como la implantaci\u00f3n del ferrocarril que, sin duda, introducir\u00e1 un cambio en su mapa de transporte, pero que a\u00fan est\u00e1 en fase de estudio. El futuro de la movilidad en Canarias contar\u00e1 tambi\u00e9n con sistemas de alta capacidad. Un BRT, concretamente.<\/p>\n<p>En esta ocasi\u00f3n se contar\u00e1 nuevamente con dos mesas que abordar\u00e1n el transporte regular y urbano, as\u00ed como el discrecional y de uso especial, y donde la revista Carril Bus ha invitado a participar a empresarios representativos de cada una de las islas en los diferentes segmentos.<\/p>\n<p>Nuevamente este congreso es gratuito para todos los empresarios que quieran asistir y hasta completar aforo. Su celebraci\u00f3n est\u00e1 prevista para el pr\u00f3ximo 21 de septiembre en el Palacio de Congreso de Canarias, en Las Palmas de Gran Canaria.<\/p>\n<p><a style=\"line-height: 1.6;\" href=\"http:\/\/www.carrilbusocasion.com\/jornadas_canarias_2017\/jornadas.php\" target=\"_blank\" title=\"La revista Carril Bus organiza este congreso en colaboraci\u00f3n con la Federaci\u00f3n de Empresarios de Transportes de Canarias.\" rel=\"noopener\">Lea la noticia completa aqu\u00ed<\/a><\/p>\n<\/div>","protected":false},"excerpt":{"rendered":"<p>La revista Carril Bus organiza este congreso en colaboraci\u00f3n con la Federaci\u00f3n de Empresarios de Transportes de Canarias.<\/p>","protected":false},"author":1,"featured_media":0,"comment_status":"open","ping_status":"open","sticky":false,"template":"","format":"standard","meta":{"site-sidebar-layout":"default","site-content-layout":"","ast-site-content-layout":"default","site-content-style":"default","site-sidebar-style":"default","ast-global-header-display":"","ast-banner-title-visibility":"","ast-main-header-display":"","ast-hfb-above-header-display":"","ast-hfb-below-header-display":"","ast-hfb-mobile-header-display":"","site-post-title":"","ast-breadcrumbs-content":"","ast-featured-img":"","footer-sml-layout":"","ast-disable-related-posts":"","theme-transparent-header-meta":"","adv-header-id-meta":"","stick-header-meta":"","header-above-stick-meta":"","header-main-stick-meta":"","header-below-stick-meta":"","astra-migrate-meta-layouts":"default","ast-page-background-enabled":"default","ast-page-background-meta":{"desktop":{"background-color":"","background-image":"","background-repeat":"repeat","background-position":"center center","background-size":"auto","background-attachment":"scroll","background-type":"","background-media":"","overlay-type":"","overlay-color":"","overlay-opacity":"","overlay-gradient":""},"tablet":{"background-color":"","background-image":"","background-repeat":"repeat","background-position":"center center","background-size":"auto","background-attachment":"scroll","background-type":"","background-media":"","overlay-type":"","overlay-color":"","overlay-opacity":"","overlay-gradient":""},"mobile":{"background-color":"","background-image":"","background-repeat":"repeat","background-position":"center center","background-size":"auto","background-attachment":"scroll","background-type":"","background-media":"","overlay-type":"","overlay-color":"","overlay-opacity":"","overlay-gradient":""}},"ast-content-background-meta":{"desktop":{"background-color":"var(--ast-global-color-5)","background-image":"","background-repeat":"repeat","background-position":"center center","background-size":"auto","background-attachment":"scroll","background-type":"","background-media":"","overlay-type":"","overlay-color":"","overlay-opacity":"","overlay-gradient":""},"tablet":{"background-color":"var(--ast-global-color-5)","background-image":"","background-repeat":"repeat","background-position":"center center","background-size":"auto","background-attachment":"scroll","background-type":"","background-media":"","overlay-type":"","overlay-color":"","overlay-opacity":"","overlay-gradient":""},"mobile":{"background-color":"var(--ast-global-color-5)","background-image":"","background-repeat":"repeat","background-position":"center center","background-size":"auto","background-attachment":"scroll","background-type":"","background-media":"","overlay-type":"","overlay-color":"","overlay-opacity":"","overlay-gradient":""}},"footnotes":"","_links_to":"","_links_to_target":""},"categories":[51],"tags":[],"class_list":["post-5572","post","type-post","status-publish","format-standard","hentry","category-noticias-noticias"],"_links":{"self":[{"href":"https:\/\/observatoriomovilidad.es\/en\/wp-json\/wp\/v2\/posts\/5572","targetHints":{"allow":["GET"]}}],"collection":[{"href":"https:\/\/observatoriomovilidad.es\/en\/wp-json\/wp\/v2\/posts"}],"about":[{"href":"https:\/\/observatoriomovilidad.es\/en\/wp-json\/wp\/v2\/types\/post"}],"author":[{"embeddable":true,"href":"https:\/\/observatoriomovilidad.es\/en\/wp-json\/wp\/v2\/users\/1"}],"replies":[{"embeddable":true,"href":"https:\/\/observatoriomovilidad.es\/en\/wp-json\/wp\/v2\/comments?post=5572"}],"version-history":[{"count":0,"href":"https:\/\/observatoriomovilidad.es\/en\/wp-json\/wp\/v2\/posts\/5572\/revisions"}],"wp:attachment":[{"href":"https:\/\/observatoriomovilidad.es\/en\/wp-json\/wp\/v2\/media?parent=5572"}],"wp:term":[{"taxonomy":"category","embeddable":true,"href":"https:\/\/observatoriomovilidad.es\/en\/wp-json\/wp\/v2\/categories?post=5572"},{"taxonomy":"post_tag","embeddable":true,"href":"https:\/\/observatoriomovilidad.es\/en\/wp-json\/wp\/v2\/tags?post=5572"}],"curies":[{"name":"wp","href":"https:\/\/api.w.org\/{rel}","templated":true}]}}