{"id":5573,"date":"2017-09-05T10:44:42","date_gmt":"2017-09-05T10:44:42","guid":{"rendered":"http:\/\/localhost\/la-red-de-consorcios-de-transportes-de-andalucia-inicia-la-mejora-tecnologica-de-sus-tarjetas-con-una-inversion-de-9-millones-de-euros\/"},"modified":"2017-09-05T10:44:42","modified_gmt":"2017-09-05T10:44:42","slug":"la-red-de-consorcios-de-transportes-de-andalucia-inicia-la-mejora-tecnologica-de-sus-tarjetas-con-una-inversion-de-9-millones-de-euros","status":"publish","type":"post","link":"https:\/\/observatoriomovilidad.es\/en\/la-red-de-consorcios-de-transportes-de-andalucia-inicia-la-mejora-tecnologica-de-sus-tarjetas-con-una-inversion-de-9-millones-de-euros\/","title":{"rendered":"La Red de Consorcios de Transportes de Andaluc\u00eda inicia la mejora tecnol\u00f3gica de sus tarjetas con una inversi\u00f3n de 9 millones de euros."},"content":{"rendered":"<p><img decoding=\"async\" src=\"images\/stories\/08_noticias\/_logo_CRT_sevilla_andalucia.jpg\" width=\"180\" height=\"72\" alt=\"_logo_CRT_sevilla_andalucia\" style=\"margin-right: 10px; float: left;\" \/>Los nuevos t\u00edtulos,que comenzar\u00e1n a operar en 2019, tienen m\u00e1s memoria, son m\u00e1s seguros y seadaptar\u00e1n mejor a los cambios.<\/p>\n<p><!--more--><\/p>\n<div style=\"text-align: justify;\">\n<p>La Red de Consorcios de Transportes Metropolitanos de Andaluc\u00eda ha iniciado el proceso de mejora de la tecnolog\u00eda de sus tarjetas, un proceso que supondr\u00e1 la renovaci\u00f3n de todas las canceladoras \u2013ya sea enautobuses interurbanos, urbanos, metros y servicios mar\u00edtimos-, con un coste total que alcanzar\u00e1 los nueve millones de euros, a sufragar de forma conjunta por cada consorcio. A esta cantidad se suman los 1,73 millones de euros que supone la compra de las nuevas tarjetas.<\/p>\n<p>La tarjeta sin contacto actualmente en funcionamiento en la Red de Consorcios de Transporte de Andaluc\u00eda ha demostrado su potencia a lo largo de los \u00faltimos diez a\u00f1os, alcanzando 1,6 millones de tarjetas operativas a d\u00eda de hoy, un t\u00edtulo basado en tecnolog\u00eda Mifare classic de 1k de memoria. Ahora bien, la atenci\u00f3n a las necesidades de movilidad de los ciudadanos, la seguridad y la mejora de las funcionalidades de los medios tecnol\u00f3gicos son prioridades de los Consorcios de Transporte de Andaluc\u00eda, de ah\u00ed que ahora la tarjeta de transporte cambie para dar respuesta tanto al transporte p\u00fablico colectivo, como a otros aspectos de movilidad, ya sea bicicleta p\u00fablica, parking disuasorio, reserva de plazas o carsharing.<\/p>\n<p>Por ello, los consejos de administraci\u00f3n de los nueve Consorcios han acordado iniciar el proyecto de migraci\u00f3n de la tarjeta actual a una m\u00e1s avanzada de tecnolog\u00eda Desfire EV2 con 4k de capacidad de memoria.<\/p>\n<p>Para llevar a cabo este proyecto ser\u00e1 necesario comprar y adaptar todos los sistemas de cancelaci\u00f3n de los modos metropolitanos: autob\u00fas metropolitano, metro, servicio mar\u00edtimo, autob\u00fas urbano, as\u00ed como los sistemas de gesti\u00f3n asociados. Cada Consorcio se har\u00e1 cargo de las actuaciones relativas a autobuses urbanos, metro y servicio mar\u00edtimo, en su caso, mientras que la adaptaci\u00f3n de los autobuses metropolitanos se va a acometer por razones de ahorro y eficacia de forma conjunta.<\/p>\n<p>En definitiva, la nueva tarjeta ofrece mayor capacidad de memoria para poder responder a las nuevas funcionalidades de movilidad global de los usuarios; m\u00e1s seguridad, en tanto en cuanto la evoluci\u00f3n de la tecnolog\u00eda obliga a la incorporaci\u00f3n de nuevos mecanismos de protecci\u00f3n frente al fraude; mayor rapidez, debido a la necesidad de reducir los tiempos de embarque, cr\u00edticos en un servicio p\u00fablico de transporte; y flexibilidad, para adaptarse a posibles nuevos retos o condiciones que pudieran ir surgiendo con el transcurso de los a\u00f1os.<\/p>\n<div>\n<p>Este proyecto se ejecutar\u00e1 entre 2017 y 2018, de forma que en 2019 se compren las nuevas tarjetas y puedan ser utilizadas a lo largo de ese a\u00f1o. Las nuevas tarjetas coexistir\u00e1n con las actuales y ser\u00e1 durante el proceso de recarga presencial cuando se vaya produciendo la sustituci\u00f3n progresiva de las tarjetas al objeto de que no se produzca afecci\u00f3n alguna alos usuarios.<\/p>\n<\/div>\n<p><a title=\"La Red de Consorcios de Transportes de Andaluc\u00eda inicia la mejora tecnol\u00f3gica de sus tarjetas con una inversi\u00f3n de 9 millones de euros\" target=\"_blank\" href=\"http:\/\/www.consorciotransportes-sevilla.com\/noticia.php?id=947\" style=\"line-height: 1.6;\" rel=\"noopener\">Lea la noticia completa aqu\u00ed<\/a><\/p>\n<\/div>","protected":false},"excerpt":{"rendered":"<p>Los nuevos t\u00edtulos,que comenzar\u00e1n a operar en 2019, tienen m\u00e1s memoria, son m\u00e1s seguros y seadaptar\u00e1n mejor a los cambios.<\/p>","protected":false},"author":1,"featured_media":0,"comment_status":"open","ping_status":"open","sticky":false,"template":"","format":"standard","meta":{"site-sidebar-layout":"default","site-content-layout":"","ast-site-content-layout":"default","site-content-style":"default","site-sidebar-style":"default","ast-global-header-display":"","ast-banner-title-visibility":"","ast-main-header-display":"","ast-hfb-above-header-display":"","ast-hfb-below-header-display":"","ast-hfb-mobile-header-display":"","site-post-title":"","ast-breadcrumbs-content":"","ast-featured-img":"","footer-sml-layout":"","ast-disable-related-posts":"","theme-transparent-header-meta":"","adv-header-id-meta":"","stick-header-meta":"","header-above-stick-meta":"","header-main-stick-meta":"","header-below-stick-meta":"","astra-migrate-meta-layouts":"default","ast-page-background-enabled":"default","ast-page-background-meta":{"desktop":{"background-color":"","background-image":"","background-repeat":"repeat","background-position":"center center","background-size":"auto","background-attachment":"scroll","background-type":"","background-media":"","overlay-type":"","overlay-color":"","overlay-opacity":"","overlay-gradient":""},"tablet":{"background-color":"","background-image":"","background-repeat":"repeat","background-position":"center center","background-size":"auto","background-attachment":"scroll","background-type":"","background-media":"","overlay-type":"","overlay-color":"","overlay-opacity":"","overlay-gradient":""},"mobile":{"background-color":"","background-image":"","background-repeat":"repeat","background-position":"center center","background-size":"auto","background-attachment":"scroll","background-type":"","background-media":"","overlay-type":"","overlay-color":"","overlay-opacity":"","overlay-gradient":""}},"ast-content-background-meta":{"desktop":{"background-color":"var(--ast-global-color-5)","background-image":"","background-repeat":"repeat","background-position":"center center","background-size":"auto","background-attachment":"scroll","background-type":"","background-media":"","overlay-type":"","overlay-color":"","overlay-opacity":"","overlay-gradient":""},"tablet":{"background-color":"var(--ast-global-color-5)","background-image":"","background-repeat":"repeat","background-position":"center center","background-size":"auto","background-attachment":"scroll","background-type":"","background-media":"","overlay-type":"","overlay-color":"","overlay-opacity":"","overlay-gradient":""},"mobile":{"background-color":"var(--ast-global-color-5)","background-image":"","background-repeat":"repeat","background-position":"center center","background-size":"auto","background-attachment":"scroll","background-type":"","background-media":"","overlay-type":"","overlay-color":"","overlay-opacity":"","overlay-gradient":""}},"footnotes":"","_links_to":"","_links_to_target":""},"categories":[51],"tags":[],"class_list":["post-5573","post","type-post","status-publish","format-standard","hentry","category-noticias-noticias"],"_links":{"self":[{"href":"https:\/\/observatoriomovilidad.es\/en\/wp-json\/wp\/v2\/posts\/5573","targetHints":{"allow":["GET"]}}],"collection":[{"href":"https:\/\/observatoriomovilidad.es\/en\/wp-json\/wp\/v2\/posts"}],"about":[{"href":"https:\/\/observatoriomovilidad.es\/en\/wp-json\/wp\/v2\/types\/post"}],"author":[{"embeddable":true,"href":"https:\/\/observatoriomovilidad.es\/en\/wp-json\/wp\/v2\/users\/1"}],"replies":[{"embeddable":true,"href":"https:\/\/observatoriomovilidad.es\/en\/wp-json\/wp\/v2\/comments?post=5573"}],"version-history":[{"count":0,"href":"https:\/\/observatoriomovilidad.es\/en\/wp-json\/wp\/v2\/posts\/5573\/revisions"}],"wp:attachment":[{"href":"https:\/\/observatoriomovilidad.es\/en\/wp-json\/wp\/v2\/media?parent=5573"}],"wp:term":[{"taxonomy":"category","embeddable":true,"href":"https:\/\/observatoriomovilidad.es\/en\/wp-json\/wp\/v2\/categories?post=5573"},{"taxonomy":"post_tag","embeddable":true,"href":"https:\/\/observatoriomovilidad.es\/en\/wp-json\/wp\/v2\/tags?post=5573"}],"curies":[{"name":"wp","href":"https:\/\/api.w.org\/{rel}","templated":true}]}}