{"id":5665,"date":"2018-05-29T08:53:17","date_gmt":"2018-05-29T08:53:17","guid":{"rendered":"http:\/\/localhost\/la-xunta-de-galicia-saca-a-informacion-publica-el-documento-base-del-plan-de-transporte\/"},"modified":"2018-05-29T08:53:17","modified_gmt":"2018-05-29T08:53:17","slug":"la-xunta-de-galicia-saca-a-informacion-publica-el-documento-base-del-plan-de-transporte","status":"publish","type":"post","link":"https:\/\/observatoriomovilidad.es\/en\/la-xunta-de-galicia-saca-a-informacion-publica-el-documento-base-del-plan-de-transporte\/","title":{"rendered":"La Xunta de Galicia saca a informaci\u00f3n p\u00fablica el documento base del Plan de Transporte"},"content":{"rendered":"<p><img decoding=\"async\" height=\"91\" width=\"180\" src=\"images\/stories\/08_noticias\/2018_06\/1806_galicia.jpg\" alt=\"1806_galicia\" style=\"margin-right: 10px; float: left;\" \/><\/p>\n<p>La Conselleira de Infraestructuras y Vivienda invit\u00f3 a colectivos y Administraciones a sumarse para mejorar en la medida de lo posible las directrices del futuro plan de transporte de Galicia.<\/p>\n<p><!--more--><\/p>\n<div style=\"text-align: justify;\">\n<p>La Xunta public\u00f3 el pasado 30 de abril en el Diario Oficial de Galicia (DOG) el documento base que regir\u00e1 las gu\u00edas de la segunda fase del Plan de Transporte P\u00fablico por Carretera de Galicia, que prev\u00e9 que entre en vigor en 2019 y que ha estado en per\u00edodo de exposici\u00f3n p\u00fablica para presentar aportaciones durante veinte d\u00edas.<\/p>\n<p>A este respecto, la Conselleira de Infraestructuras y Vivienda, Ethel V\u00e1zquez, defendi\u00f3 durante una rueda de prensa esta ma\u00f1ana que el documento inicial se ha elaborado mediante un \u00abproceso de plena participaci\u00f3n p\u00fablica desde el primer d\u00eda\u00bb y, en todo caso, invit\u00f3 a colectivos y Administraciones a sumarse para mejorar en la medida de lo posible las directrices del futuro plan de transporte de Galicia.<\/p>\n<p>V\u00e1zquez subray\u00f3 que este plan viene para profundizar en el \u00abcamino de la modernizaci\u00f3n\u00bb emprendido el pasado verano tras la puesta en vigor de alrededor de seiscientas l\u00edneas tras haberse hecho efectivas las renuncias de decenas de concesionarias.<\/p>\n<p>As\u00ed pues, en su comparecencia quiso aprovechar para repasar el estado actual del transporte p\u00fablico por carretera en Galicia, del que destac\u00f3 que presta un mejor servicio tras la consolidaci\u00f3n de los nuevos contratos.<\/p>\n<p>En agosto del a\u00f1o pasado, la Xunta adjudic\u00f3 un total de 41 contratos, con vigencia hasta el mismo mes de 2019, que han servido para que en nueve meses hayan sido utilizados por m\u00e1s de cuatro millones de pasajeros, 450.000 al mes, y para aumentar en un 13 % el n\u00famero total de kil\u00f3metros recorridos. A su vez se han triplicado tambi\u00e9n -ha indicado la conselleira- las paradas a disposici\u00f3n de los viajeros, que han experimentado una rebaja sustancial de las tarifas de los billetes.<\/p>\n<p>En cuanto a las nuevas modalidades puestas en marcha, V\u00e1zquez calific\u00f3 como \u00abun \u00e9xito\u00bb las escasas 750 llamadas registradas por el servicio de transporte bajo demanda, dado que -en su opini\u00f3n- indica que las l\u00edneas est\u00e1n bien dise\u00f1adas y que no viajan \u00abautobuses sin gente\u00bb; mientras que, sobre el transporte escolar compartido, ha recalcado que no se ha producido \u00abning\u00fan incidente\u00bb.<\/p>\n<p>De esta manera, la responsable auton\u00f3mica de Infraestructuras ha asegurado que el objetivo de la Xunta es continuar modernizando el sistema de transporte p\u00fablico de Galicia y actualizar las presentes l\u00edneas \u00abdise\u00f1adas hace muchas d\u00e9cadas\u00bb.<\/p>\n<p><a title=\"La Xunta de Galicia saca a informaci\u00f3n p\u00fablica el documento base del Plan de Transporte\" target=\"_blank\" href=\"http:\/\/agencias.abc.es\/agencias\/noticia.asp?noticia=2805490\" style=\"line-height: 1.6;\" rel=\"noopener\">Lea la noticia completa aqu\u00ed<\/a><\/p>\n<\/div>","protected":false},"excerpt":{"rendered":"<p>La Conselleira de Infraestructuras y Vivienda invit\u00f3 a colectivos y Administraciones a sumarse para mejorar en la medida de lo posible las directrices del futuro plan de transporte de Galicia.<\/p>","protected":false},"author":1,"featured_media":0,"comment_status":"open","ping_status":"open","sticky":false,"template":"","format":"standard","meta":{"site-sidebar-layout":"default","site-content-layout":"","ast-site-content-layout":"default","site-content-style":"default","site-sidebar-style":"default","ast-global-header-display":"","ast-banner-title-visibility":"","ast-main-header-display":"","ast-hfb-above-header-display":"","ast-hfb-below-header-display":"","ast-hfb-mobile-header-display":"","site-post-title":"","ast-breadcrumbs-content":"","ast-featured-img":"","footer-sml-layout":"","ast-disable-related-posts":"","theme-transparent-header-meta":"","adv-header-id-meta":"","stick-header-meta":"","header-above-stick-meta":"","header-main-stick-meta":"","header-below-stick-meta":"","astra-migrate-meta-layouts":"default","ast-page-background-enabled":"default","ast-page-background-meta":{"desktop":{"background-color":"","background-image":"","background-repeat":"repeat","background-position":"center center","background-size":"auto","background-attachment":"scroll","background-type":"","background-media":"","overlay-type":"","overlay-color":"","overlay-opacity":"","overlay-gradient":""},"tablet":{"background-color":"","background-image":"","background-repeat":"repeat","background-position":"center center","background-size":"auto","background-attachment":"scroll","background-type":"","background-media":"","overlay-type":"","overlay-color":"","overlay-opacity":"","overlay-gradient":""},"mobile":{"background-color":"","background-image":"","background-repeat":"repeat","background-position":"center center","background-size":"auto","background-attachment":"scroll","background-type":"","background-media":"","overlay-type":"","overlay-color":"","overlay-opacity":"","overlay-gradient":""}},"ast-content-background-meta":{"desktop":{"background-color":"var(--ast-global-color-5)","background-image":"","background-repeat":"repeat","background-position":"center center","background-size":"auto","background-attachment":"scroll","background-type":"","background-media":"","overlay-type":"","overlay-color":"","overlay-opacity":"","overlay-gradient":""},"tablet":{"background-color":"var(--ast-global-color-5)","background-image":"","background-repeat":"repeat","background-position":"center center","background-size":"auto","background-attachment":"scroll","background-type":"","background-media":"","overlay-type":"","overlay-color":"","overlay-opacity":"","overlay-gradient":""},"mobile":{"background-color":"var(--ast-global-color-5)","background-image":"","background-repeat":"repeat","background-position":"center center","background-size":"auto","background-attachment":"scroll","background-type":"","background-media":"","overlay-type":"","overlay-color":"","overlay-opacity":"","overlay-gradient":""}},"footnotes":"","_links_to":"","_links_to_target":""},"categories":[51],"tags":[],"class_list":["post-5665","post","type-post","status-publish","format-standard","hentry","category-noticias-noticias"],"_links":{"self":[{"href":"https:\/\/observatoriomovilidad.es\/en\/wp-json\/wp\/v2\/posts\/5665","targetHints":{"allow":["GET"]}}],"collection":[{"href":"https:\/\/observatoriomovilidad.es\/en\/wp-json\/wp\/v2\/posts"}],"about":[{"href":"https:\/\/observatoriomovilidad.es\/en\/wp-json\/wp\/v2\/types\/post"}],"author":[{"embeddable":true,"href":"https:\/\/observatoriomovilidad.es\/en\/wp-json\/wp\/v2\/users\/1"}],"replies":[{"embeddable":true,"href":"https:\/\/observatoriomovilidad.es\/en\/wp-json\/wp\/v2\/comments?post=5665"}],"version-history":[{"count":0,"href":"https:\/\/observatoriomovilidad.es\/en\/wp-json\/wp\/v2\/posts\/5665\/revisions"}],"wp:attachment":[{"href":"https:\/\/observatoriomovilidad.es\/en\/wp-json\/wp\/v2\/media?parent=5665"}],"wp:term":[{"taxonomy":"category","embeddable":true,"href":"https:\/\/observatoriomovilidad.es\/en\/wp-json\/wp\/v2\/categories?post=5665"},{"taxonomy":"post_tag","embeddable":true,"href":"https:\/\/observatoriomovilidad.es\/en\/wp-json\/wp\/v2\/tags?post=5665"}],"curies":[{"name":"wp","href":"https:\/\/api.w.org\/{rel}","templated":true}]}}